{"id":17933,"date":"2020-03-29T13:24:54","date_gmt":"2020-03-29T12:24:54","guid":{"rendered":"https:\/\/www.entroncamentoonline.pt\/portal\/?p=17933"},"modified":"2020-03-30T13:29:29","modified_gmt":"2020-03-30T12:29:29","slug":"ponto-da-situacao-as-13-horas-de-29-3-entroncamento-continua-sem-casos-confirmados-e-mantem-3-casos-em-vigilancia-ativa-1","status":"publish","type":"post","link":"https:\/\/www.entroncamentoonline.pt\/portal\/ponto-da-situacao-as-13-horas-de-29-3-entroncamento-continua-sem-casos-confirmados-e-mantem-3-casos-em-vigilancia-ativa-1\/","title":{"rendered":"Ponto da situa\u00e7\u00e3o \u00e0s 13 horas de 29\/3 | Entroncamento continua sem casos confirmados e mant\u00e9m 3 casos em vigil\u00e2ncia ativa (Atualizado c\/ situa\u00e7\u00e3o no M\u00e9dio Tejo)"},"content":{"rendered":"<p>O ponto de situa\u00e7\u00e3o no Entroncamento realizado, \u00e0s 13h00, deste domingo, dia 29 de mar\u00e7o continua a n\u00e3o registar qualquer caso confirmado, registando-se 3 casos em vigil\u00e2ncia ativa.<\/p>\n<p>A C\u00e2mara Municipal do Entroncamento e o Servi\u00e7o Municipal de Prote\u00e7\u00e3o Civil fazem diariamente o ponto de situa\u00e7\u00e3o em rela\u00e7\u00e3o \u00e0 pandemia do Covid-19, no concelho do Entroncamento.<\/p>\n<figure id=\"attachment_17910\" aria-describedby=\"caption-attachment-17910\" style=\"width: 362px\" class=\"wp-caption aligncenter\"><img loading=\"lazy\" decoding=\"async\" class=\"size-full wp-image-17910\" src=\"https:\/\/www.entroncamentoonline.pt\/portal\/wp-content\/uploads\/2020\/03\/SitConcEntroncamento.jpg\" alt=\"\" width=\"362\" height=\"102\" \/><figcaption id=\"caption-attachment-17910\" class=\"wp-caption-text\">Legenda: Casos Confirmados \u2013 Caso que tenha sido validado pelo SNS\/DGS e pelo M\u00e9dico da LAM; Casos em Vigil\u00e2ncia Ativa \u2013 Caso em Monitoriza\u00e7\u00e3o Di\u00e1ria pela Autoridade de Sa\u00fade (AS) durante 14 dias (o per\u00edodo m\u00e1ximo de incuba\u00e7\u00e3o da doen\u00e7a desde a data da \u00faltima exposi\u00e7\u00e3o; Casos em Vigil\u00e2ncia Passiva \u2013 Caso que a Monitoriza\u00e7\u00e3o \u00e9 feita pelo Pr\u00f3prio, durante 14 dias desde a \u00faltima exposi\u00e7\u00e3o.<\/figcaption><\/figure>\n<p>O Presidente da C\u00e2mara, Jorge Faria justificou a incoer\u00eancia no que diz respeito ao n\u00famero de casos em vigil\u00e2ncia ativa apresentados pelo ACES M\u00e9dio Tejo (5), com o facto de, esta entidade apresentar o n\u00famero total de suspeitos que passaram pela vigil\u00e2ncia ativa e a Prote\u00e7\u00e3o Civil do Entroncamento apresentar o n\u00famero atual de pessoas nessa situa\u00e7\u00e3o.<\/p>\n<p>N\u00fameros no M\u00e9dio Tejo \u00e0s 17h15 e da Lez\u00edria \u00e0s 19h, deste domingo, dia 29 de mar\u00e7o.<\/p>\n<p><img loading=\"lazy\" decoding=\"async\" class=\"size-full wp-image-17936 alignleft\" src=\"https:\/\/www.entroncamentoonline.pt\/portal\/wp-content\/uploads\/2020\/03\/ACES-1.jpg\" alt=\"\" width=\"324\" height=\"322\" \/><\/p>\n<p><img loading=\"lazy\" decoding=\"async\" class=\"alignnone size-full wp-image-17939\" src=\"https:\/\/www.entroncamentoonline.pt\/portal\/wp-content\/uploads\/2020\/03\/ACESLez\u00edria.jpg\" alt=\"\" width=\"293\" height=\"302\" \/><\/p>\n<p>&nbsp;<\/p>\n<p>A n\u00edvel nacional o n\u00famero de mortos subiu para 119, mais 19 do que ontem (anteriormente mais 24), os infetados s\u00e3o agora 5962 mais 792(anteriormente mais 902) e os casos recuperados mant\u00e9m-se nos 43 h\u00e1 dois dias.<\/p>\n<div class=\"fb-background-color\">\n\t\t\t  <div \n\t\t\t  \tclass = \"fb-comments\" \n\t\t\t  \tdata-href = \"https:\/\/www.entroncamentoonline.pt\/portal\/ponto-da-situacao-as-13-horas-de-29-3-entroncamento-continua-sem-casos-confirmados-e-mantem-3-casos-em-vigilancia-ativa-1\/\"\n\t\t\t  \tdata-numposts = \"10\"\n\t\t\t  \tdata-lazy = \"true\"\n\t\t\t\tdata-colorscheme = \"light\"\n\t\t\t\tdata-order-by = \"social\"\n\t\t\t\tdata-mobile=true>\n\t\t\t  <\/div><\/div>\n\t\t  <style>\n\t\t    .fb-background-color {\n\t\t\t\tbackground:  !important;\n\t\t\t}\n\t\t\t.fb_iframe_widget_fluid_desktop iframe {\n\t\t\t    width: 100% !important;\n\t\t\t}\n\t\t  <\/style>\n\t\t  ","protected":false},"excerpt":{"rendered":"<p>O ponto de situa\u00e7\u00e3o no Entroncamento realizado, \u00e0s 13h00, deste domingo, dia 29 de mar\u00e7o continua a n\u00e3o registar qualquer caso confirmado, registando-se 3 casos em vigil\u00e2ncia ativa. A C\u00e2mara Municipal do Entroncamento e o Servi\u00e7o Municipal de Prote\u00e7\u00e3o Civil fazem diariamente o ponto de situa\u00e7\u00e3o em rela\u00e7\u00e3o \u00e0 pandemia do Covid-19, no concelho do [&hellip;]<\/p>\n","protected":false},"author":1,"featured_media":17528,"comment_status":"open","ping_status":"closed","sticky":false,"template":"","format":"standard","meta":{"_acf_changed":false,"footnotes":""},"categories":[1],"tags":[],"class_list":{"0":"post-17933","1":"post","2":"type-post","3":"status-publish","4":"format-standard","5":"has-post-thumbnail","7":"category-sem-categoria"},"acf":[],"_links":{"self":[{"href":"https:\/\/www.entroncamentoonline.pt\/portal\/wp-json\/wp\/v2\/posts\/17933","targetHints":{"allow":["GET"]}}],"collection":[{"href":"https:\/\/www.entroncamentoonline.pt\/portal\/wp-json\/wp\/v2\/posts"}],"about":[{"href":"https:\/\/www.entroncamentoonline.pt\/portal\/wp-json\/wp\/v2\/types\/post"}],"author":[{"embeddable":true,"href":"https:\/\/www.entroncamentoonline.pt\/portal\/wp-json\/wp\/v2\/users\/1"}],"replies":[{"embeddable":true,"href":"https:\/\/www.entroncamentoonline.pt\/portal\/wp-json\/wp\/v2\/comments?post=17933"}],"version-history":[{"count":0,"href":"https:\/\/www.entroncamentoonline.pt\/portal\/wp-json\/wp\/v2\/posts\/17933\/revisions"}],"wp:featuredmedia":[{"embeddable":true,"href":"https:\/\/www.entroncamentoonline.pt\/portal\/wp-json\/wp\/v2\/media\/17528"}],"wp:attachment":[{"href":"https:\/\/www.entroncamentoonline.pt\/portal\/wp-json\/wp\/v2\/media?parent=17933"}],"wp:term":[{"taxonomy":"category","embeddable":true,"href":"https:\/\/www.entroncamentoonline.pt\/portal\/wp-json\/wp\/v2\/categories?post=17933"},{"taxonomy":"post_tag","embeddable":true,"href":"https:\/\/www.entroncamentoonline.pt\/portal\/wp-json\/wp\/v2\/tags?post=17933"}],"curies":[{"name":"wp","href":"https:\/\/api.w.org\/{rel}","templated":true}]}}