{"id":17880,"date":"2020-03-27T13:28:32","date_gmt":"2020-03-27T13:28:32","guid":{"rendered":"https:\/\/www.entroncamentoonline.pt\/portal\/?p=17880"},"modified":"2020-03-28T13:37:19","modified_gmt":"2020-03-28T13:37:19","slug":"ponto-da-situacao-as-13-horas-de-27-3-entroncamento-sem-casos-confirmados-e-1-caso-em-vigilancia-ativa","status":"publish","type":"post","link":"https:\/\/www.entroncamentoonline.pt\/portal\/ponto-da-situacao-as-13-horas-de-27-3-entroncamento-sem-casos-confirmados-e-1-caso-em-vigilancia-ativa\/","title":{"rendered":"Ponto da situa\u00e7\u00e3o \u00e0s 13 horas de 27\/3 | Entroncamento sem casos confirmados e 1 caso em vigil\u00e2ncia ativa"},"content":{"rendered":"<p>O ponto de situa\u00e7\u00e3o realizado, \u00e0s 13h00, desta sexta-feira, dia 27 de mar\u00e7o continua a n\u00e3o regista qualquer caso confirmado e 1 caso em vigil\u00e2ncia ativa.<\/p>\n<p>A C\u00e2mara Municipal do Entroncamento e o Servi\u00e7o Municipal de Prote\u00e7\u00e3o Civil fazem diariamente o ponto de situa\u00e7\u00e3o em rela\u00e7\u00e3o \u00e0 pandemia do Covid-19, no concelho do Entroncamento.<\/p>\n<figure id=\"attachment_17881\" aria-describedby=\"caption-attachment-17881\" style=\"width: 373px\" class=\"wp-caption aligncenter\"><img loading=\"lazy\" decoding=\"async\" class=\"size-full wp-image-17881\" src=\"https:\/\/www.entroncamentoonline.pt\/portal\/wp-content\/uploads\/2020\/03\/SitEnt27.03.jpg\" alt=\"\" width=\"373\" height=\"108\" \/><figcaption id=\"caption-attachment-17881\" class=\"wp-caption-text\">Legenda: Casos Confirmados \u2013 Caso que tenha sido validado pelo SNS\/DGS e pelo M\u00e9dico da LAM; Casos em Vigil\u00e2ncia Ativa \u2013 Caso em Monitoriza\u00e7\u00e3o Di\u00e1ria pela Autoridade de Sa\u00fade (AS) durante 14 dias (o per\u00edodo m\u00e1ximo de incuba\u00e7\u00e3o da doen\u00e7a desde a data da \u00faltima exposi\u00e7\u00e3o; Casos em Vigil\u00e2ncia Passiva \u2013 Caso que a Monitoriza\u00e7\u00e3o \u00e9 feita pelo Pr\u00f3prio, durante 14 dias desde a \u00faltima exposi\u00e7\u00e3o.<\/figcaption><\/figure>\n<p>A n\u00edvel nacional o n\u00famero de mortos subiu para 76, mais 16 do que ontem, os infetados s\u00e3o agora 4268, mais 724 e os casos recuperados s\u00e3o 43.<\/p>\n<p><img loading=\"lazy\" decoding=\"async\" class=\"size-full wp-image-17900 aligncenter\" src=\"https:\/\/www.entroncamentoonline.pt\/portal\/wp-content\/uploads\/2020\/03\/ACES27.3.jpg\" alt=\"\" width=\"324\" height=\"322\" \/><\/p>\n<p>Existe uma incoer\u00eancia entre a informa\u00e7\u00e3o da C\u00e2mara Municipal do Entroncamento e do Servi\u00e7o Municipal de Prote\u00e7\u00e3o Civil e a informa\u00e7\u00e3o do ACES M\u00e9dio Tejo quanto ao n\u00famero de pessoas em vigil\u00e2ncia ativa no Entroncamento.Nos \u00faltimos dois dias o ACES considerava existir apenas 1 caso enquanto a CME\/SMPC considerava existirem 2. Hoje a informa\u00e7\u00e3o difundida pela CME refere a exist\u00eancia de 1 caso em vigil\u00e2ncia e o ACES diz existirem 5.Enquanto esta situa\u00e7\u00e3o n\u00e3o \u00e9 esclarecida opt\u00e1mos por considerar como correta a informa\u00e7\u00e3o da CME\/SMPC, como tinhamos feito at\u00e9 aqui.<\/p>\n<div class=\"fb-background-color\">\n\t\t\t  <div \n\t\t\t  \tclass = \"fb-comments\" \n\t\t\t  \tdata-href = \"https:\/\/www.entroncamentoonline.pt\/portal\/ponto-da-situacao-as-13-horas-de-27-3-entroncamento-sem-casos-confirmados-e-1-caso-em-vigilancia-ativa\/\"\n\t\t\t  \tdata-numposts = \"10\"\n\t\t\t  \tdata-lazy = \"true\"\n\t\t\t\tdata-colorscheme = \"light\"\n\t\t\t\tdata-order-by = \"social\"\n\t\t\t\tdata-mobile=true>\n\t\t\t  <\/div><\/div>\n\t\t  <style>\n\t\t    .fb-background-color {\n\t\t\t\tbackground:  !important;\n\t\t\t}\n\t\t\t.fb_iframe_widget_fluid_desktop iframe {\n\t\t\t    width: 100% !important;\n\t\t\t}\n\t\t  <\/style>\n\t\t  ","protected":false},"excerpt":{"rendered":"<p>O ponto de situa\u00e7\u00e3o realizado, \u00e0s 13h00, desta sexta-feira, dia 27 de mar\u00e7o continua a n\u00e3o regista qualquer caso confirmado e 1 caso em vigil\u00e2ncia ativa. A C\u00e2mara Municipal do Entroncamento e o Servi\u00e7o Municipal de Prote\u00e7\u00e3o Civil fazem diariamente o ponto de situa\u00e7\u00e3o em rela\u00e7\u00e3o \u00e0 pandemia do Covid-19, no concelho do Entroncamento. A [&hellip;]<\/p>\n","protected":false},"author":1,"featured_media":17526,"comment_status":"open","ping_status":"closed","sticky":false,"template":"","format":"standard","meta":{"_acf_changed":false,"footnotes":""},"categories":[1],"tags":[],"class_list":{"0":"post-17880","1":"post","2":"type-post","3":"status-publish","4":"format-standard","5":"has-post-thumbnail","7":"category-sem-categoria"},"acf":[],"_links":{"self":[{"href":"https:\/\/www.entroncamentoonline.pt\/portal\/wp-json\/wp\/v2\/posts\/17880","targetHints":{"allow":["GET"]}}],"collection":[{"href":"https:\/\/www.entroncamentoonline.pt\/portal\/wp-json\/wp\/v2\/posts"}],"about":[{"href":"https:\/\/www.entroncamentoonline.pt\/portal\/wp-json\/wp\/v2\/types\/post"}],"author":[{"embeddable":true,"href":"https:\/\/www.entroncamentoonline.pt\/portal\/wp-json\/wp\/v2\/users\/1"}],"replies":[{"embeddable":true,"href":"https:\/\/www.entroncamentoonline.pt\/portal\/wp-json\/wp\/v2\/comments?post=17880"}],"version-history":[{"count":0,"href":"https:\/\/www.entroncamentoonline.pt\/portal\/wp-json\/wp\/v2\/posts\/17880\/revisions"}],"wp:featuredmedia":[{"embeddable":true,"href":"https:\/\/www.entroncamentoonline.pt\/portal\/wp-json\/wp\/v2\/media\/17526"}],"wp:attachment":[{"href":"https:\/\/www.entroncamentoonline.pt\/portal\/wp-json\/wp\/v2\/media?parent=17880"}],"wp:term":[{"taxonomy":"category","embeddable":true,"href":"https:\/\/www.entroncamentoonline.pt\/portal\/wp-json\/wp\/v2\/categories?post=17880"},{"taxonomy":"post_tag","embeddable":true,"href":"https:\/\/www.entroncamentoonline.pt\/portal\/wp-json\/wp\/v2\/tags?post=17880"}],"curies":[{"name":"wp","href":"https:\/\/api.w.org\/{rel}","templated":true}]}}