{"id":17776,"date":"2020-03-24T13:35:05","date_gmt":"2020-03-24T13:35:05","guid":{"rendered":"https:\/\/www.entroncamentoonline.pt\/portal\/?p=17776"},"modified":"2020-03-25T13:33:03","modified_gmt":"2020-03-25T13:33:03","slug":"ponto-da-situacao-as-13-horas-de-24-3-entroncamento-continua-sem-casos-confirmados-e-2-casos-em-vigilancia-ativa-1","status":"publish","type":"post","link":"https:\/\/www.entroncamentoonline.pt\/portal\/ponto-da-situacao-as-13-horas-de-24-3-entroncamento-continua-sem-casos-confirmados-e-2-casos-em-vigilancia-ativa-1\/","title":{"rendered":"Ponto da situa\u00e7\u00e3o \u00e0s 13 horas de 24\/3 | Entroncamento sem casos confirmados e 2 casos em vigil\u00e2ncia ativa"},"content":{"rendered":"<p>A C\u00e2mara Municipal do Entroncamento e o Servi\u00e7o Municipal de Prote\u00e7\u00e3o Civil fazem diariamente o ponto de situa\u00e7\u00e3o em rela\u00e7\u00e3o \u00e0 pandemia do Covid-19, no concelho do Entroncamento.<\/p>\n<p>O ponto de situa\u00e7\u00e3o foi realizado, \u00e0s 13h00, desta ter\u00e7a-feira, dia 24 de mar\u00e7o e n\u00e3o regista qualquer caso confirmado e existem 2 casos em vigil\u00e2ncia ativa.<\/p>\n<figure id=\"attachment_17778\" aria-describedby=\"caption-attachment-17778\" style=\"width: 383px\" class=\"wp-caption aligncenter\"><img loading=\"lazy\" decoding=\"async\" class=\"size-full wp-image-17778\" src=\"https:\/\/www.entroncamentoonline.pt\/portal\/wp-content\/uploads\/2020\/03\/SitEnt24.03.png\" alt=\"\" width=\"383\" height=\"114\" \/><figcaption id=\"caption-attachment-17778\" class=\"wp-caption-text\">Legenda: Casos Confirmados \u2013 Caso que tenha sido validado pelo SNS\/DGS e pelo M\u00e9dico da LAM; Casos em Vigil\u00e2ncia Ativa \u2013 Caso em Monitoriza\u00e7\u00e3o Di\u00e1ria pela Autoridade de Sa\u00fade (AS) durante 14 dias (o per\u00edodo m\u00e1ximo de incuba\u00e7\u00e3o da doen\u00e7a desde a data da \u00faltima exposi\u00e7\u00e3o; Casos em Vigil\u00e2ncia Passiva \u2013 Caso que a Monitoriza\u00e7\u00e3o \u00e9 feita pelo Pr\u00f3prio, durante 14 dias desde a \u00faltima exposi\u00e7\u00e3o.<\/figcaption><\/figure>\n<p>A n\u00edvel nacional o n\u00famero de mortos subiu para 33, mais dez do que ontem, os infetados s\u00e3o agora 2362 e os casos recuperados s\u00e3o j\u00e1 22.<\/p>\n<div class=\"fb-background-color\">\n\t\t\t  <div \n\t\t\t  \tclass = \"fb-comments\" \n\t\t\t  \tdata-href = \"https:\/\/www.entroncamentoonline.pt\/portal\/ponto-da-situacao-as-13-horas-de-24-3-entroncamento-continua-sem-casos-confirmados-e-2-casos-em-vigilancia-ativa-1\/\"\n\t\t\t  \tdata-numposts = \"10\"\n\t\t\t  \tdata-lazy = \"true\"\n\t\t\t\tdata-colorscheme = \"light\"\n\t\t\t\tdata-order-by = \"social\"\n\t\t\t\tdata-mobile=true>\n\t\t\t  <\/div><\/div>\n\t\t  <style>\n\t\t    .fb-background-color {\n\t\t\t\tbackground:  !important;\n\t\t\t}\n\t\t\t.fb_iframe_widget_fluid_desktop iframe {\n\t\t\t    width: 100% !important;\n\t\t\t}\n\t\t  <\/style>\n\t\t  ","protected":false},"excerpt":{"rendered":"<p>A C\u00e2mara Municipal do Entroncamento e o Servi\u00e7o Municipal de Prote\u00e7\u00e3o Civil fazem diariamente o ponto de situa\u00e7\u00e3o em rela\u00e7\u00e3o \u00e0 pandemia do Covid-19, no concelho do Entroncamento. O ponto de situa\u00e7\u00e3o foi realizado, \u00e0s 13h00, desta ter\u00e7a-feira, dia 24 de mar\u00e7o e n\u00e3o regista qualquer caso confirmado e existem 2 casos em vigil\u00e2ncia ativa. [&hellip;]<\/p>\n","protected":false},"author":1,"featured_media":17777,"comment_status":"open","ping_status":"closed","sticky":false,"template":"","format":"standard","meta":{"_acf_changed":false,"footnotes":""},"categories":[1],"tags":[],"class_list":{"0":"post-17776","1":"post","2":"type-post","3":"status-publish","4":"format-standard","5":"has-post-thumbnail","7":"category-sem-categoria"},"acf":[],"_links":{"self":[{"href":"https:\/\/www.entroncamentoonline.pt\/portal\/wp-json\/wp\/v2\/posts\/17776","targetHints":{"allow":["GET"]}}],"collection":[{"href":"https:\/\/www.entroncamentoonline.pt\/portal\/wp-json\/wp\/v2\/posts"}],"about":[{"href":"https:\/\/www.entroncamentoonline.pt\/portal\/wp-json\/wp\/v2\/types\/post"}],"author":[{"embeddable":true,"href":"https:\/\/www.entroncamentoonline.pt\/portal\/wp-json\/wp\/v2\/users\/1"}],"replies":[{"embeddable":true,"href":"https:\/\/www.entroncamentoonline.pt\/portal\/wp-json\/wp\/v2\/comments?post=17776"}],"version-history":[{"count":0,"href":"https:\/\/www.entroncamentoonline.pt\/portal\/wp-json\/wp\/v2\/posts\/17776\/revisions"}],"wp:featuredmedia":[{"embeddable":true,"href":"https:\/\/www.entroncamentoonline.pt\/portal\/wp-json\/wp\/v2\/media\/17777"}],"wp:attachment":[{"href":"https:\/\/www.entroncamentoonline.pt\/portal\/wp-json\/wp\/v2\/media?parent=17776"}],"wp:term":[{"taxonomy":"category","embeddable":true,"href":"https:\/\/www.entroncamentoonline.pt\/portal\/wp-json\/wp\/v2\/categories?post=17776"},{"taxonomy":"post_tag","embeddable":true,"href":"https:\/\/www.entroncamentoonline.pt\/portal\/wp-json\/wp\/v2\/tags?post=17776"}],"curies":[{"name":"wp","href":"https:\/\/api.w.org\/{rel}","templated":true}]}}