{"id":17678,"date":"2020-03-20T10:46:29","date_gmt":"2020-03-20T10:46:29","guid":{"rendered":"https:\/\/www.entroncamentoonline.pt\/portal\/?p=17678"},"modified":"2020-03-20T16:02:50","modified_gmt":"2020-03-20T16:02:50","slug":"teatro-aberto-estreou-iniciativa-teatroemcasa-co-a-peca-a-mentira","status":"publish","type":"post","link":"https:\/\/www.entroncamentoonline.pt\/portal\/teatro-aberto-estreou-iniciativa-teatroemcasa-co-a-peca-a-mentira\/","title":{"rendered":"Teatro Aberto estreou iniciativa #teatroemcasa com a pe\u00e7a \u201cA Mentira\u201d"},"content":{"rendered":"<p>O Teatro Aberto estreou ontem, quinta-feira, a iniciativa #teatroemcasa, \u00e0s 21h com a pe\u00e7a &#8220;A Mentira&#8221;, de Florian Zeller, com encena\u00e7\u00e3o de Jo\u00e3o Louren\u00e7o.<\/p>\n<p>E foram muitos que tentaram assistir ao espect\u00e1culo nesta noite de estreia. Foram milhares! Tantos que obrigaram os respons\u00e1veis a partilhar nas redes sociais o link do Vimeo, que \u00e9 a plataforma onde est\u00e1 alojado o registo do espect\u00e1culo, e aumentar a capacidade do site para poder oferecer aos milhares de espectadores este conte\u00fado exclusivo atrav\u00e9s da internet.<\/p>\n<p>Na pr\u00f3xima 5\u00aa feira, dia 26 de mar\u00e7o, vai ser estreado mais um espect\u00e1culo! &#8220;A Verdade&#8221;, tamb\u00e9m com encena\u00e7\u00e3o de Jo\u00e3o Louren\u00e7o, at\u00e9 l\u00e1, todas as noites, a partir de www.teatroaberto.com, com um simples clique na imagem da pe\u00e7a &#8220;A Mentira&#8221;, onde se l\u00ea &#8220;clique aqui&#8221; poder\u00e3o assistir ao registo integral do espect\u00e1culo.<\/p>\n<p>O teatro acontece em comunh\u00e3o, ao vivo, mas os respons\u00e1veis querem que os espectadores estejam em casa e darem o contributo para, em comunidade, consegamos ultrapassar estes tempos t\u00e3o dif\u00edceis.<\/p>\n<p>Para que os espectadores que gostam de teatro n\u00e3o sejam privados do contacto com o Teatro Aberto, v\u00e3o apresentar on-line, em www.teatroaberto.com, o registo de arquivo de alguns dos espect\u00e1culos.<\/p>\n<h6><img loading=\"lazy\" decoding=\"async\" class=\"alignnone size-full wp-image-17679\" src=\"https:\/\/www.entroncamentoonline.pt\/portal\/wp-content\/uploads\/2020\/03\/TeatroAbertoemCasa.jpg\" alt=\"\" width=\"666\" height=\"375\" \/>Estreia:<br \/>\nA Mentira &#8211; 19 a 25 Mar<br \/>\nPr\u00f3ximas sess\u00f5es:<br \/>\nA Verdade &#8211; 26 Mar a 1 Abr<br \/>\nVermelho &#8211; 2 a 8 Abr<br \/>\nNoite Viva &#8211; 9 a 15 Abr<br \/>\nO Pre\u00e7o &#8211; 16 a 22 Abr<br \/>\nAmor e Informa\u00e7\u00e3o &#8211; 23 a 29 Abr<\/h6>\n<div class=\"fb-background-color\">\n\t\t\t  <div \n\t\t\t  \tclass = \"fb-comments\" \n\t\t\t  \tdata-href = \"https:\/\/www.entroncamentoonline.pt\/portal\/teatro-aberto-estreou-iniciativa-teatroemcasa-co-a-peca-a-mentira\/\"\n\t\t\t  \tdata-numposts = \"10\"\n\t\t\t  \tdata-lazy = \"true\"\n\t\t\t\tdata-colorscheme = \"light\"\n\t\t\t\tdata-order-by = \"social\"\n\t\t\t\tdata-mobile=true>\n\t\t\t  <\/div><\/div>\n\t\t  <style>\n\t\t    .fb-background-color {\n\t\t\t\tbackground:  !important;\n\t\t\t}\n\t\t\t.fb_iframe_widget_fluid_desktop iframe {\n\t\t\t    width: 100% !important;\n\t\t\t}\n\t\t  <\/style>\n\t\t  ","protected":false},"excerpt":{"rendered":"<p>O Teatro Aberto estreou ontem, quinta-feira, a iniciativa #teatroemcasa, \u00e0s 21h com a pe\u00e7a &#8220;A Mentira&#8221;, de Florian Zeller, com encena\u00e7\u00e3o de Jo\u00e3o Louren\u00e7o. E foram muitos que tentaram assistir ao espect\u00e1culo nesta noite de estreia. Foram milhares! Tantos que obrigaram os respons\u00e1veis a partilhar nas redes sociais o link do Vimeo, que \u00e9 a [&hellip;]<\/p>\n","protected":false},"author":1,"featured_media":17680,"comment_status":"open","ping_status":"closed","sticky":false,"template":"","format":"standard","meta":{"_acf_changed":false,"footnotes":""},"categories":[32,71],"tags":[],"class_list":{"0":"post-17678","1":"post","2":"type-post","3":"status-publish","4":"format-standard","5":"has-post-thumbnail","7":"category-noticias","8":"category-outras-noticias"},"acf":[],"_links":{"self":[{"href":"https:\/\/www.entroncamentoonline.pt\/portal\/wp-json\/wp\/v2\/posts\/17678","targetHints":{"allow":["GET"]}}],"collection":[{"href":"https:\/\/www.entroncamentoonline.pt\/portal\/wp-json\/wp\/v2\/posts"}],"about":[{"href":"https:\/\/www.entroncamentoonline.pt\/portal\/wp-json\/wp\/v2\/types\/post"}],"author":[{"embeddable":true,"href":"https:\/\/www.entroncamentoonline.pt\/portal\/wp-json\/wp\/v2\/users\/1"}],"replies":[{"embeddable":true,"href":"https:\/\/www.entroncamentoonline.pt\/portal\/wp-json\/wp\/v2\/comments?post=17678"}],"version-history":[{"count":0,"href":"https:\/\/www.entroncamentoonline.pt\/portal\/wp-json\/wp\/v2\/posts\/17678\/revisions"}],"wp:featuredmedia":[{"embeddable":true,"href":"https:\/\/www.entroncamentoonline.pt\/portal\/wp-json\/wp\/v2\/media\/17680"}],"wp:attachment":[{"href":"https:\/\/www.entroncamentoonline.pt\/portal\/wp-json\/wp\/v2\/media?parent=17678"}],"wp:term":[{"taxonomy":"category","embeddable":true,"href":"https:\/\/www.entroncamentoonline.pt\/portal\/wp-json\/wp\/v2\/categories?post=17678"},{"taxonomy":"post_tag","embeddable":true,"href":"https:\/\/www.entroncamentoonline.pt\/portal\/wp-json\/wp\/v2\/tags?post=17678"}],"curies":[{"name":"wp","href":"https:\/\/api.w.org\/{rel}","templated":true}]}}