{"id":17659,"date":"2020-03-19T13:30:36","date_gmt":"2020-03-19T13:30:36","guid":{"rendered":"https:\/\/www.entroncamentoonline.pt\/portal\/?p=17659"},"modified":"2020-03-20T13:11:30","modified_gmt":"2020-03-20T13:11:30","slug":"ponto-da-situacao-as-13-horas-de-19-3-entroncamento-continua-sem-casos-confirmados-ou-suspeitos-2","status":"publish","type":"post","link":"https:\/\/www.entroncamentoonline.pt\/portal\/ponto-da-situacao-as-13-horas-de-19-3-entroncamento-continua-sem-casos-confirmados-ou-suspeitos-2\/","title":{"rendered":"Ponto da situa\u00e7\u00e3o \u00e0s 13 horas de 19\/3 | Entroncamento continua sem casos confirmados ou suspeitos"},"content":{"rendered":"<p>A C\u00e2mara Municipal do Entroncamento e o Servi\u00e7o Municipal de Prote\u00e7\u00e3o Civil fazem diariamente o ponto de situa\u00e7\u00e3o em rela\u00e7\u00e3o \u00e0 pandemia do Covid 19, no concelho do Entroncamento.<\/p>\n<p>O ponto de situa\u00e7\u00e3o foi realizado, \u00e0s 13h00, desta quinta-feira dia 19 de mar\u00e7o e registava qualquer caso confirmado ou suspeito.<\/p>\n<p>Segundo o Presidente da C\u00e2mara Municipal do Entroncamento no M\u00e9dio Tejo mant\u00eam-se os 3 casos confirmados, 24 em vigil\u00e2ncia ativa e 1 caso em vigil\u00e2ncia passiva.<\/p>\n<div class=\"fb-background-color\">\n\t\t\t  <div \n\t\t\t  \tclass = \"fb-comments\" \n\t\t\t  \tdata-href = \"https:\/\/www.entroncamentoonline.pt\/portal\/ponto-da-situacao-as-13-horas-de-19-3-entroncamento-continua-sem-casos-confirmados-ou-suspeitos-2\/\"\n\t\t\t  \tdata-numposts = \"10\"\n\t\t\t  \tdata-lazy = \"true\"\n\t\t\t\tdata-colorscheme = \"light\"\n\t\t\t\tdata-order-by = \"social\"\n\t\t\t\tdata-mobile=true>\n\t\t\t  <\/div><\/div>\n\t\t  <style>\n\t\t    .fb-background-color {\n\t\t\t\tbackground:  !important;\n\t\t\t}\n\t\t\t.fb_iframe_widget_fluid_desktop iframe {\n\t\t\t    width: 100% !important;\n\t\t\t}\n\t\t  <\/style>\n\t\t  ","protected":false},"excerpt":{"rendered":"<p>A C\u00e2mara Municipal do Entroncamento e o Servi\u00e7o Municipal de Prote\u00e7\u00e3o Civil fazem diariamente o ponto de situa\u00e7\u00e3o em rela\u00e7\u00e3o \u00e0 pandemia do Covid 19, no concelho do Entroncamento. O ponto de situa\u00e7\u00e3o foi realizado, \u00e0s 13h00, desta quinta-feira dia 19 de mar\u00e7o e registava qualquer caso confirmado ou suspeito. Segundo o Presidente da C\u00e2mara [&hellip;]<\/p>\n","protected":false},"author":1,"featured_media":0,"comment_status":"open","ping_status":"closed","sticky":false,"template":"","format":"standard","meta":{"_acf_changed":false,"footnotes":""},"categories":[1],"tags":[],"class_list":{"0":"post-17659","1":"post","2":"type-post","3":"status-publish","4":"format-standard","6":"category-sem-categoria"},"acf":[],"_links":{"self":[{"href":"https:\/\/www.entroncamentoonline.pt\/portal\/wp-json\/wp\/v2\/posts\/17659","targetHints":{"allow":["GET"]}}],"collection":[{"href":"https:\/\/www.entroncamentoonline.pt\/portal\/wp-json\/wp\/v2\/posts"}],"about":[{"href":"https:\/\/www.entroncamentoonline.pt\/portal\/wp-json\/wp\/v2\/types\/post"}],"author":[{"embeddable":true,"href":"https:\/\/www.entroncamentoonline.pt\/portal\/wp-json\/wp\/v2\/users\/1"}],"replies":[{"embeddable":true,"href":"https:\/\/www.entroncamentoonline.pt\/portal\/wp-json\/wp\/v2\/comments?post=17659"}],"version-history":[{"count":0,"href":"https:\/\/www.entroncamentoonline.pt\/portal\/wp-json\/wp\/v2\/posts\/17659\/revisions"}],"wp:attachment":[{"href":"https:\/\/www.entroncamentoonline.pt\/portal\/wp-json\/wp\/v2\/media?parent=17659"}],"wp:term":[{"taxonomy":"category","embeddable":true,"href":"https:\/\/www.entroncamentoonline.pt\/portal\/wp-json\/wp\/v2\/categories?post=17659"},{"taxonomy":"post_tag","embeddable":true,"href":"https:\/\/www.entroncamentoonline.pt\/portal\/wp-json\/wp\/v2\/tags?post=17659"}],"curies":[{"name":"wp","href":"https:\/\/api.w.org\/{rel}","templated":true}]}}