{"id":17400,"date":"2020-03-10T21:41:14","date_gmt":"2020-03-10T21:41:14","guid":{"rendered":"https:\/\/www.entroncamentoonline.pt\/portal\/?p=17400"},"modified":"2020-04-01T18:53:03","modified_gmt":"2020-04-01T17:53:03","slug":"de-6-a-14-de-junho-agua-em-destaque-feira-nacional-de-agricultura-feira-do-ribatejo","status":"publish","type":"post","link":"https:\/\/www.entroncamentoonline.pt\/portal\/de-6-a-14-de-junho-agua-em-destaque-feira-nacional-de-agricultura-feira-do-ribatejo\/","title":{"rendered":"De 6 a 14 de Junho |\u00a0\u00c1gua em destaque Feira Nacional de Agricultura \/ Feira do Ribatejo"},"content":{"rendered":"<p>O Centro Nacional de Exposi\u00e7\u00f5es, em Santar\u00e9m, promove a Feira Nacional de Agricultura \/ Feira do Ribatejo (FNA20) de 6 14 de junho do corrente ano.<\/p>\n<p>A import\u00e2ncia da \u00e1gua na agricultura \u00e9 uma evid\u00eancia, especialmente em Portugal com um clima mediterr\u00e2nico e particularmente sujeito \u00e0s altera\u00e7\u00f5es clim\u00e1ticas que se fazem sentir, pelo que o tema deste ano \u00e9 a \u201c\u00c1gua\u201d.<\/p>\n<p>A FNA 20 \u00e9 uma grande oportunidade comercial para os agentes que atuam no mercado, uma forma de refor\u00e7ar a notoriedade e imagem das empresas e de realizar neg\u00f3cios.<\/p>\n<p>A presen\u00e7a no evento \u00e9 garantia de uma \u00f3tima visibilidade como o comprovam os mais de 200.000 visitantes, a visita dos principais respons\u00e1veis pol\u00edticos e a notoriedade medi\u00e1tica que o certame oferece atrav\u00e9s da presen\u00e7a de v\u00e1rios meios de comunica\u00e7\u00e3o social.<strong>\u00a0<\/strong><\/p>\n<p><strong>Exposi\u00e7\u00e3o de Maquinaria Agr\u00edcola<\/strong><\/p>\n<p>A exposi\u00e7\u00e3o de Maquinaria na Feira Nacional de Agricultura \u00e9 um dos principais sectores do evento que atrai n\u00e3o s\u00f3 os profissionais da \u00e1rea para conhecer as novidades, mas tamb\u00e9m muitos outros visitantes impressionados com a dimens\u00e3o desta exposi\u00e7\u00e3o que conta com as principais marcas do mercado.<\/p>\n<p>Esta \u00e9 uma \u00e1rea em que a tecnologia e a inova\u00e7\u00e3o est\u00e3o sempre presentes e que possibilitar\u00e1, decerto, in\u00fameros contactos e bastantes neg\u00f3cios aos expositores. A zona de Maquinaria Agr\u00edcola ser\u00e1 um espa\u00e7o privilegiado de promo\u00e7\u00e3o e de demonstra\u00e7\u00e3o para que os interessados possam observar no terreno as principais caracter\u00edsticas destes equipamentos.<\/p>\n<p><strong>Fatores de produ\u00e7\u00e3o<\/strong><\/p>\n<p>Paralelamente, realce para a presen\u00e7a de empresas que representam outras \u00e1reas como agroqu\u00edmicos, adubos, sementes, ra\u00e7\u00f5es ou outros alimentos para animais e que encontram na FNA o espa\u00e7o ideal de promo\u00e7\u00e3o dos seus produtos.<\/p>\n<p><strong>Exposi\u00e7\u00e3o Institucional e Equipamentos<\/strong><\/p>\n<p>A Feira Nacional de Agricultura tamb\u00e9m \u00e9 um espa\u00e7o reservado a v\u00e1rias organiza\u00e7\u00f5es do sector como associa\u00e7\u00f5es, cooperativas agr\u00edcolas, institui\u00e7\u00f5es e equipamentos, como \u00e9 o caso da nave B.\u00a0 Neste espa\u00e7o, os visitantes tamb\u00e9m podem conhecer empresas de refer\u00eancia.<\/p>\n<p><strong>Sal\u00e3o Prazer de Provar<\/strong><\/p>\n<p>A Feira Nacional de Agricultura \u00e9 a grande montra do mercado e representa o que de melhor se produz em Portugal contando com grande ades\u00e3o dos principais operadores.<\/p>\n<p>Na Nave A, no Sal\u00e3o Prazer de Provar, destacam-se os produtos agro-alimentares, equipamentos, acess\u00f3rios ou servi\u00e7os destinados a este mercado com realce para as \u00e1reas destinadas aos vencedores dos Concursos Nacionais e ao Portugal Sou Eu, iniciativa que tem como objetivo a valoriza\u00e7\u00e3o dos produtos portugueses.<\/p>\n<p><strong>Tradi\u00e7\u00e3o na FNA 20<\/strong><\/p>\n<p>A FNA 20 n\u00e3o esquece as origens e o papel fundamental da tradi\u00e7\u00e3o ribatejana. Por isso, o evento conta com v\u00e1rias atividades equestres e taurinas como espet\u00e1culos, provas de campinos, demonstra\u00e7\u00f5es de toureio, treinos de forcados, equita\u00e7\u00e3o do trabalho, dressage, concursos de saltos, entre outras.<strong>\u00a0<\/strong><\/p>\n<p><strong>Anima\u00e7\u00e3o Noturna<\/strong><\/p>\n<p>Os visitantes da Feira Nacional de Agricultura tamb\u00e9m podem aproveitar o evento para descontrair assistindo a momentos tradicionais como as largadas ou usufruindo de uma zona de divers\u00e3o noturna que contar\u00e1 com v\u00e1rios bares e discoteca.<\/p>\n<div class=\"fb-background-color\">\n\t\t\t  <div \n\t\t\t  \tclass = \"fb-comments\" \n\t\t\t  \tdata-href = \"https:\/\/www.entroncamentoonline.pt\/portal\/de-6-a-14-de-junho-agua-em-destaque-feira-nacional-de-agricultura-feira-do-ribatejo\/\"\n\t\t\t  \tdata-numposts = \"10\"\n\t\t\t  \tdata-lazy = \"true\"\n\t\t\t\tdata-colorscheme = \"light\"\n\t\t\t\tdata-order-by = \"social\"\n\t\t\t\tdata-mobile=true>\n\t\t\t  <\/div><\/div>\n\t\t  <style>\n\t\t    .fb-background-color {\n\t\t\t\tbackground:  !important;\n\t\t\t}\n\t\t\t.fb_iframe_widget_fluid_desktop iframe {\n\t\t\t    width: 100% !important;\n\t\t\t}\n\t\t  <\/style>\n\t\t  ","protected":false},"excerpt":{"rendered":"<p>O Centro Nacional de Exposi\u00e7\u00f5es, em Santar\u00e9m, promove a Feira Nacional de Agricultura \/ Feira do Ribatejo (FNA20) de 6 14 de junho do corrente ano. A import\u00e2ncia da \u00e1gua na agricultura \u00e9 uma evid\u00eancia, especialmente em Portugal com um clima mediterr\u00e2nico e particularmente sujeito \u00e0s altera\u00e7\u00f5es clim\u00e1ticas que se fazem sentir, pelo que o [&hellip;]<\/p>\n","protected":false},"author":1,"featured_media":17401,"comment_status":"open","ping_status":"closed","sticky":false,"template":"","format":"standard","meta":{"_acf_changed":false,"footnotes":""},"categories":[1],"tags":[],"class_list":{"0":"post-17400","1":"post","2":"type-post","3":"status-publish","4":"format-standard","5":"has-post-thumbnail","7":"category-sem-categoria"},"acf":[],"_links":{"self":[{"href":"https:\/\/www.entroncamentoonline.pt\/portal\/wp-json\/wp\/v2\/posts\/17400","targetHints":{"allow":["GET"]}}],"collection":[{"href":"https:\/\/www.entroncamentoonline.pt\/portal\/wp-json\/wp\/v2\/posts"}],"about":[{"href":"https:\/\/www.entroncamentoonline.pt\/portal\/wp-json\/wp\/v2\/types\/post"}],"author":[{"embeddable":true,"href":"https:\/\/www.entroncamentoonline.pt\/portal\/wp-json\/wp\/v2\/users\/1"}],"replies":[{"embeddable":true,"href":"https:\/\/www.entroncamentoonline.pt\/portal\/wp-json\/wp\/v2\/comments?post=17400"}],"version-history":[{"count":0,"href":"https:\/\/www.entroncamentoonline.pt\/portal\/wp-json\/wp\/v2\/posts\/17400\/revisions"}],"wp:featuredmedia":[{"embeddable":true,"href":"https:\/\/www.entroncamentoonline.pt\/portal\/wp-json\/wp\/v2\/media\/17401"}],"wp:attachment":[{"href":"https:\/\/www.entroncamentoonline.pt\/portal\/wp-json\/wp\/v2\/media?parent=17400"}],"wp:term":[{"taxonomy":"category","embeddable":true,"href":"https:\/\/www.entroncamentoonline.pt\/portal\/wp-json\/wp\/v2\/categories?post=17400"},{"taxonomy":"post_tag","embeddable":true,"href":"https:\/\/www.entroncamentoonline.pt\/portal\/wp-json\/wp\/v2\/tags?post=17400"}],"curies":[{"name":"wp","href":"https:\/\/api.w.org\/{rel}","templated":true}]}}