{"id":16496,"date":"2020-02-18T22:44:34","date_gmt":"2020-02-18T22:44:34","guid":{"rendered":"https:\/\/www.entroncamentoonline.pt\/portal\/?p=16496"},"modified":"2020-02-18T22:47:04","modified_gmt":"2020-02-18T22:47:04","slug":"mercedes-cla-180d-amg-line-116cv-isto-e-progresso","status":"publish","type":"post","link":"https:\/\/www.entroncamentoonline.pt\/portal\/mercedes-cla-180d-amg-line-116cv-isto-e-progresso\/","title":{"rendered":"Mercedes CLA 180d AMG Line 116cv \u2013 Isto \u00e9 progresso!"},"content":{"rendered":"<figure id=\"attachment_2142\" aria-describedby=\"caption-attachment-2142\" style=\"width: 271px\" class=\"wp-caption alignnone\"><img loading=\"lazy\" decoding=\"async\" class=\" wp-image-2142\" src=\"https:\/\/www.entroncamentoonline.pt\/portal\/wp-content\/uploads\/2019\/01\/Jo\u00e3oMarques1.jpg\" alt=\"\" width=\"271\" height=\"183\" \/><figcaption id=\"caption-attachment-2142\" class=\"wp-caption-text\">Jo\u00e3o Marques joaomarques@entroncamentoonline.pt<\/figcaption><\/figure>\n<p>Relativamente ao modelo anterior, o novo CLA progrediu bastante, n\u00e3o tanto no seu design pois facilmente o identificamos como um CLA, mas no que toca \u00e0 din\u00e2mica de condu\u00e7\u00e3o e tecnologia nele presente.<\/p>\n<p>A Mercedes tentou fazer com que o CLA fosse um \u201cmini CLS\u201d, aproximando muito os seus tra\u00e7os de design exterior.<\/p>\n<p>Na parte dianteira conseguimos facilmente identificar como um CLA, pois o cap\u00f4 \u00e9 igual ao do modelo anterior, as \u00f3ticas s\u00e3o muito parecidas mas mais finas, e os para-choques tamb\u00e9m t\u00eam um design muito semelhante mas com umas aberturas mais acentuadas. Na parte lateral tamb\u00e9m pouco mudou, temos umas jantes semelhantes \u00e0s do modelo anterior (como se trata do AMG Line s\u00e3o de 18 poelgadas), e a silhueta essa manteve-se igual, continuando a ter aquele estilo coup\u00e9 e com o tejadilho a inclinar na parte traseira. Na parte traseira \u00e9 onde est\u00e3o as altera\u00e7\u00f5es mais significativas, onde temos umas ponteiras (embora falsas) maiores que anteriormente, a bagageira \u00e9 menos arredondada e as \u00f3ticas tomam o formato das do CLS, podendo por vezes, \u00e0 noite, confundir um com o outro (j\u00e1 me aconteceu).<\/p>\n<p>Tal como sucedia na gera\u00e7\u00e3o anterior o design interior \u00e9 igual ao do classe A.<\/p>\n\r\n                <style type=\"text\/css\">\r\n                    \r\n                    #tdi_1  .td-doubleSlider-2 .td-item1 {\r\n                        background: url(https:\/\/www.entroncamentoonline.pt\/portal\/wp-content\/uploads\/2020\/02\/IMG_20190727_115237-80x60.jpg) 0 0 no-repeat;\r\n                    }\r\n                    #tdi_1  .td-doubleSlider-2 .td-item2 {\r\n                        background: url(https:\/\/www.entroncamentoonline.pt\/portal\/wp-content\/uploads\/2020\/02\/IMG_20190727_115251-80x60.jpg) 0 0 no-repeat;\r\n                    }\r\n                    #tdi_1  .td-doubleSlider-2 .td-item3 {\r\n                        background: url(https:\/\/www.entroncamentoonline.pt\/portal\/wp-content\/uploads\/2020\/02\/IMG_20190727_115620-80x60.jpg) 0 0 no-repeat;\r\n                    }\r\n                    #tdi_1  .td-doubleSlider-2 .td-item4 {\r\n                        background: url(https:\/\/www.entroncamentoonline.pt\/portal\/wp-content\/uploads\/2020\/02\/IMG_20190727_115527-80x60.jpg) 0 0 no-repeat;\r\n                    }\r\n                    #tdi_1  .td-doubleSlider-2 .td-item5 {\r\n                        background: url(https:\/\/www.entroncamentoonline.pt\/portal\/wp-content\/uploads\/2020\/02\/IMG_20190727_115450-80x60.jpg) 0 0 no-repeat;\r\n                    }\r\n                    #tdi_1  .td-doubleSlider-2 .td-item6 {\r\n                        background: url(https:\/\/www.entroncamentoonline.pt\/portal\/wp-content\/uploads\/2020\/02\/IMG_20190727_115358-80x60.jpg) 0 0 no-repeat;\r\n                    }\r\n                    #tdi_1  .td-doubleSlider-2 .td-item7 {\r\n                        background: url(https:\/\/www.entroncamentoonline.pt\/portal\/wp-content\/uploads\/2020\/02\/IMG_20190727_114906-80x60.jpg) 0 0 no-repeat;\r\n                    }\r\n                    #tdi_1  .td-doubleSlider-2 .td-item8 {\r\n                        background: url(https:\/\/www.entroncamentoonline.pt\/portal\/wp-content\/uploads\/2020\/02\/IMG_20190727_114951-80x60.jpg) 0 0 no-repeat;\r\n                    }\r\n                    #tdi_1  .td-doubleSlider-2 .td-item9 {\r\n                        background: url(https:\/\/www.entroncamentoonline.pt\/portal\/wp-content\/uploads\/2020\/02\/IMG_20190727_114839-80x60.jpg) 0 0 no-repeat;\r\n                    }\r\n                    #tdi_1  .td-doubleSlider-2 .td-item10 {\r\n                        background: url(https:\/\/www.entroncamentoonline.pt\/portal\/wp-content\/uploads\/2020\/02\/IMG_20190727_115504-80x60.jpg) 0 0 no-repeat;\r\n                    }\r\n                    #tdi_1  .td-doubleSlider-2 .td-item11 {\r\n                        background: url(https:\/\/www.entroncamentoonline.pt\/portal\/wp-content\/uploads\/2020\/02\/IMG_20190727_115225-80x60.jpg) 0 0 no-repeat;\r\n                    }\r\n                <\/style>\r\n\r\n                <div id=\"tdi_1\" class=\"td-gallery td-slide-on-2-columns\">\r\n                    <div class=\"post_td_gallery\">\r\n                        <div class=\"td-gallery-slide-top\">\r\n                           <div class=\"td-gallery-title\"><\/div>\r\n\r\n                            <div class=\"td-gallery-controls-wrapper\">\r\n                                <div class=\"td-gallery-slide-count\"><span class=\"td-gallery-slide-item-focus\">1<\/span> de 11<\/div>\r\n                                <div class=\"td-gallery-slide-prev-next-but\">\r\n                                    <i class = \"td-icon-left doubleSliderPrevButton\"><\/i>\r\n                                    <i class = \"td-icon-right doubleSliderNextButton\"><\/i>\r\n                                <\/div>\r\n                            <\/div>\r\n                        <\/div>\r\n\r\n                        <div class = \"td-doubleSlider-1 \">\r\n                            <div class = \"td-slider\">\r\n                                \r\n                    <div class = \"td-slide-item td-item1\">\r\n                        <figure class=\"td-slide-galery-figure td-slide-popup-gallery\">\r\n                            <a class=\"slide-gallery-image-link\" href=\"https:\/\/www.entroncamentoonline.pt\/portal\/wp-content\/uploads\/2020\/02\/IMG_20190727_115237.jpg\" title=\"IMG_20190727_115237\"  data-caption=\"Foto Jo\u00e3o Marques\"  data-description=\"\">\r\n                                <img decoding=\"async\" src=\"https:\/\/www.entroncamentoonline.pt\/portal\/wp-content\/uploads\/2020\/02\/IMG_20190727_115237-560x420.jpg\" srcset=\"https:\/\/www.entroncamentoonline.pt\/portal\/wp-content\/uploads\/2020\/02\/IMG_20190727_115237-560x420.jpg 560w, https:\/\/www.entroncamentoonline.pt\/portal\/wp-content\/uploads\/2020\/02\/IMG_20190727_115237-80x60.jpg 80w, https:\/\/www.entroncamentoonline.pt\/portal\/wp-content\/uploads\/2020\/02\/IMG_20190727_115237-265x198.jpg 265w, https:\/\/www.entroncamentoonline.pt\/portal\/wp-content\/uploads\/2020\/02\/IMG_20190727_115237.jpg 577w\" sizes=\"(max-width: 560px) 100vw, 560px\" alt=\"\">\r\n                            <\/a>\r\n                            <figcaption class = \"td-slide-caption td-gallery-slide-content\"><div class = \"td-gallery-slide-copywrite\">Foto Jo\u00e3o Marques<\/div><\/figcaption>\r\n                        <\/figure>\r\n                    <\/div>\r\n                    <div class = \"td-slide-item td-item2\">\r\n                        <figure class=\"td-slide-galery-figure td-slide-popup-gallery\">\r\n                            <a class=\"slide-gallery-image-link\" href=\"https:\/\/www.entroncamentoonline.pt\/portal\/wp-content\/uploads\/2020\/02\/IMG_20190727_115251.jpg\" title=\"IMG_20190727_115251\"  data-caption=\"Foto Jo\u00e3o Marques\"  data-description=\"\">\r\n                                <img decoding=\"async\" src=\"https:\/\/www.entroncamentoonline.pt\/portal\/wp-content\/uploads\/2020\/02\/IMG_20190727_115251-560x420.jpg\" srcset=\"https:\/\/www.entroncamentoonline.pt\/portal\/wp-content\/uploads\/2020\/02\/IMG_20190727_115251-560x420.jpg 560w, https:\/\/www.entroncamentoonline.pt\/portal\/wp-content\/uploads\/2020\/02\/IMG_20190727_115251-80x60.jpg 80w, https:\/\/www.entroncamentoonline.pt\/portal\/wp-content\/uploads\/2020\/02\/IMG_20190727_115251-265x198.jpg 265w, https:\/\/www.entroncamentoonline.pt\/portal\/wp-content\/uploads\/2020\/02\/IMG_20190727_115251.jpg 577w\" sizes=\"(max-width: 560px) 100vw, 560px\" alt=\"\">\r\n                            <\/a>\r\n                            <figcaption class = \"td-slide-caption td-gallery-slide-content\"><div class = \"td-gallery-slide-copywrite\">Foto Jo\u00e3o Marques<\/div><\/figcaption>\r\n                        <\/figure>\r\n                    <\/div>\r\n                    <div class = \"td-slide-item td-item3\">\r\n                        <figure class=\"td-slide-galery-figure td-slide-popup-gallery\">\r\n                            <a class=\"slide-gallery-image-link\" href=\"https:\/\/www.entroncamentoonline.pt\/portal\/wp-content\/uploads\/2020\/02\/IMG_20190727_115620.jpg\" title=\"IMG_20190727_115620\"  data-caption=\"Foto Jo\u00e3o Marques\"  data-description=\"\">\r\n                                <img decoding=\"async\" src=\"https:\/\/www.entroncamentoonline.pt\/portal\/wp-content\/uploads\/2020\/02\/IMG_20190727_115620-560x420.jpg\" srcset=\"https:\/\/www.entroncamentoonline.pt\/portal\/wp-content\/uploads\/2020\/02\/IMG_20190727_115620-560x420.jpg 560w, https:\/\/www.entroncamentoonline.pt\/portal\/wp-content\/uploads\/2020\/02\/IMG_20190727_115620-80x60.jpg 80w, https:\/\/www.entroncamentoonline.pt\/portal\/wp-content\/uploads\/2020\/02\/IMG_20190727_115620-265x198.jpg 265w, https:\/\/www.entroncamentoonline.pt\/portal\/wp-content\/uploads\/2020\/02\/IMG_20190727_115620.jpg 577w\" sizes=\"(max-width: 560px) 100vw, 560px\" alt=\"\">\r\n                            <\/a>\r\n                            <figcaption class = \"td-slide-caption td-gallery-slide-content\"><div class = \"td-gallery-slide-copywrite\">Foto Jo\u00e3o Marques<\/div><\/figcaption>\r\n                        <\/figure>\r\n                    <\/div>\r\n                    <div class = \"td-slide-item td-item4\">\r\n                        <figure class=\"td-slide-galery-figure td-slide-popup-gallery\">\r\n                            <a class=\"slide-gallery-image-link\" href=\"https:\/\/www.entroncamentoonline.pt\/portal\/wp-content\/uploads\/2020\/02\/IMG_20190727_115527.jpg\" title=\"IMG_20190727_115527\"  data-caption=\"Foto Jo\u00e3o Marques\"  data-description=\"\">\r\n                                <img decoding=\"async\" src=\"https:\/\/www.entroncamentoonline.pt\/portal\/wp-content\/uploads\/2020\/02\/IMG_20190727_115527-560x420.jpg\" srcset=\"https:\/\/www.entroncamentoonline.pt\/portal\/wp-content\/uploads\/2020\/02\/IMG_20190727_115527-560x420.jpg 560w, https:\/\/www.entroncamentoonline.pt\/portal\/wp-content\/uploads\/2020\/02\/IMG_20190727_115527-80x60.jpg 80w, https:\/\/www.entroncamentoonline.pt\/portal\/wp-content\/uploads\/2020\/02\/IMG_20190727_115527-265x198.jpg 265w, https:\/\/www.entroncamentoonline.pt\/portal\/wp-content\/uploads\/2020\/02\/IMG_20190727_115527.jpg 577w\" sizes=\"(max-width: 560px) 100vw, 560px\" alt=\"\">\r\n                            <\/a>\r\n                            <figcaption class = \"td-slide-caption td-gallery-slide-content\"><div class = \"td-gallery-slide-copywrite\">Foto Jo\u00e3o Marques<\/div><\/figcaption>\r\n                        <\/figure>\r\n                    <\/div>\r\n                    <div class = \"td-slide-item td-item5\">\r\n                        <figure class=\"td-slide-galery-figure td-slide-popup-gallery\">\r\n                            <a class=\"slide-gallery-image-link\" href=\"https:\/\/www.entroncamentoonline.pt\/portal\/wp-content\/uploads\/2020\/02\/IMG_20190727_115450.jpg\" title=\"IMG_20190727_115450\"  data-caption=\"Foto Jo\u00e3Foto Jo\u00e3o Marqueso Marques\"  data-description=\"\">\r\n                                <img decoding=\"async\" src=\"https:\/\/www.entroncamentoonline.pt\/portal\/wp-content\/uploads\/2020\/02\/IMG_20190727_115450-315x420.jpg\" srcset=\"https:\/\/www.entroncamentoonline.pt\/portal\/wp-content\/uploads\/2020\/02\/IMG_20190727_115450-315x420.jpg 315w, https:\/\/www.entroncamentoonline.pt\/portal\/wp-content\/uploads\/2020\/02\/IMG_20190727_115450.jpg 433w\" sizes=\"(max-width: 315px) 100vw, 315px\" alt=\"\">\r\n                            <\/a>\r\n                            <figcaption class = \"td-slide-caption td-gallery-slide-content\"><div class = \"td-gallery-slide-copywrite\">Foto Jo\u00e3Foto Jo\u00e3o Marqueso Marques<\/div><\/figcaption>\r\n                        <\/figure>\r\n                    <\/div>\r\n                    <div class = \"td-slide-item td-item6\">\r\n                        <figure class=\"td-slide-galery-figure td-slide-popup-gallery\">\r\n                            <a class=\"slide-gallery-image-link\" href=\"https:\/\/www.entroncamentoonline.pt\/portal\/wp-content\/uploads\/2020\/02\/IMG_20190727_115358.jpg\" title=\"IMG_20190727_115358\"  data-caption=\"Foto Jo\u00e3o Marques\"  data-description=\"\">\r\n                                <img decoding=\"async\" src=\"https:\/\/www.entroncamentoonline.pt\/portal\/wp-content\/uploads\/2020\/02\/IMG_20190727_115358-560x420.jpg\" srcset=\"https:\/\/www.entroncamentoonline.pt\/portal\/wp-content\/uploads\/2020\/02\/IMG_20190727_115358-560x420.jpg 560w, https:\/\/www.entroncamentoonline.pt\/portal\/wp-content\/uploads\/2020\/02\/IMG_20190727_115358-80x60.jpg 80w, https:\/\/www.entroncamentoonline.pt\/portal\/wp-content\/uploads\/2020\/02\/IMG_20190727_115358-265x198.jpg 265w, https:\/\/www.entroncamentoonline.pt\/portal\/wp-content\/uploads\/2020\/02\/IMG_20190727_115358.jpg 577w\" sizes=\"(max-width: 560px) 100vw, 560px\" alt=\"\">\r\n                            <\/a>\r\n                            <figcaption class = \"td-slide-caption td-gallery-slide-content\"><div class = \"td-gallery-slide-copywrite\">Foto Jo\u00e3o Marques<\/div><\/figcaption>\r\n                        <\/figure>\r\n                    <\/div>\r\n                    <div class = \"td-slide-item td-item7\">\r\n                        <figure class=\"td-slide-galery-figure td-slide-popup-gallery\">\r\n                            <a class=\"slide-gallery-image-link\" href=\"https:\/\/www.entroncamentoonline.pt\/portal\/wp-content\/uploads\/2020\/02\/IMG_20190727_114906.jpg\" title=\"IMG_20190727_114906\"  data-caption=\"\"  data-description=\"\">\r\n                                <img decoding=\"async\" src=\"https:\/\/www.entroncamentoonline.pt\/portal\/wp-content\/uploads\/2020\/02\/IMG_20190727_114906-560x420.jpg\" srcset=\"https:\/\/www.entroncamentoonline.pt\/portal\/wp-content\/uploads\/2020\/02\/IMG_20190727_114906-560x420.jpg 560w, https:\/\/www.entroncamentoonline.pt\/portal\/wp-content\/uploads\/2020\/02\/IMG_20190727_114906-80x60.jpg 80w, https:\/\/www.entroncamentoonline.pt\/portal\/wp-content\/uploads\/2020\/02\/IMG_20190727_114906-265x198.jpg 265w, https:\/\/www.entroncamentoonline.pt\/portal\/wp-content\/uploads\/2020\/02\/IMG_20190727_114906.jpg 577w\" sizes=\"(max-width: 560px) 100vw, 560px\" alt=\"\">\r\n                            <\/a>\r\n                            \r\n                        <\/figure>\r\n                    <\/div>\r\n                    <div class = \"td-slide-item td-item8\">\r\n                        <figure class=\"td-slide-galery-figure td-slide-popup-gallery\">\r\n                            <a class=\"slide-gallery-image-link\" href=\"https:\/\/www.entroncamentoonline.pt\/portal\/wp-content\/uploads\/2020\/02\/IMG_20190727_114951.jpg\" title=\"IMG_20190727_114951\"  data-caption=\"Foto Jo\u00e3o Marques\"  data-description=\"\">\r\n                                <img decoding=\"async\" src=\"https:\/\/www.entroncamentoonline.pt\/portal\/wp-content\/uploads\/2020\/02\/IMG_20190727_114951-315x420.jpg\" srcset=\"https:\/\/www.entroncamentoonline.pt\/portal\/wp-content\/uploads\/2020\/02\/IMG_20190727_114951-315x420.jpg 315w, https:\/\/www.entroncamentoonline.pt\/portal\/wp-content\/uploads\/2020\/02\/IMG_20190727_114951.jpg 433w\" sizes=\"(max-width: 315px) 100vw, 315px\" alt=\"\">\r\n                            <\/a>\r\n                            <figcaption class = \"td-slide-caption td-gallery-slide-content\"><div class = \"td-gallery-slide-copywrite\">Foto Jo\u00e3o Marques<\/div><\/figcaption>\r\n                        <\/figure>\r\n                    <\/div>\r\n                    <div class = \"td-slide-item td-item9\">\r\n                        <figure class=\"td-slide-galery-figure td-slide-popup-gallery\">\r\n                            <a class=\"slide-gallery-image-link\" href=\"https:\/\/www.entroncamentoonline.pt\/portal\/wp-content\/uploads\/2020\/02\/IMG_20190727_114839.jpg\" title=\"IMG_20190727_114839\"  data-caption=\"Foto Jo\u00e3o Marques\"  data-description=\"\">\r\n                                <img decoding=\"async\" src=\"https:\/\/www.entroncamentoonline.pt\/portal\/wp-content\/uploads\/2020\/02\/IMG_20190727_114839-560x420.jpg\" srcset=\"https:\/\/www.entroncamentoonline.pt\/portal\/wp-content\/uploads\/2020\/02\/IMG_20190727_114839-560x420.jpg 560w, https:\/\/www.entroncamentoonline.pt\/portal\/wp-content\/uploads\/2020\/02\/IMG_20190727_114839-80x60.jpg 80w, https:\/\/www.entroncamentoonline.pt\/portal\/wp-content\/uploads\/2020\/02\/IMG_20190727_114839-265x198.jpg 265w, https:\/\/www.entroncamentoonline.pt\/portal\/wp-content\/uploads\/2020\/02\/IMG_20190727_114839.jpg 577w\" sizes=\"(max-width: 560px) 100vw, 560px\" alt=\"\">\r\n                            <\/a>\r\n                            <figcaption class = \"td-slide-caption td-gallery-slide-content\"><div class = \"td-gallery-slide-copywrite\">Foto Jo\u00e3o Marques<\/div><\/figcaption>\r\n                        <\/figure>\r\n                    <\/div>\r\n                    <div class = \"td-slide-item td-item10\">\r\n                        <figure class=\"td-slide-galery-figure td-slide-popup-gallery\">\r\n                            <a class=\"slide-gallery-image-link\" href=\"https:\/\/www.entroncamentoonline.pt\/portal\/wp-content\/uploads\/2020\/02\/IMG_20190727_115504.jpg\" title=\"IMG_20190727_115504\"  data-caption=\"Foto Jo\u00e3o Marques\"  data-description=\"\">\r\n                                <img decoding=\"async\" src=\"https:\/\/www.entroncamentoonline.pt\/portal\/wp-content\/uploads\/2020\/02\/IMG_20190727_115504-560x420.jpg\" srcset=\"https:\/\/www.entroncamentoonline.pt\/portal\/wp-content\/uploads\/2020\/02\/IMG_20190727_115504-560x420.jpg 560w, https:\/\/www.entroncamentoonline.pt\/portal\/wp-content\/uploads\/2020\/02\/IMG_20190727_115504-80x60.jpg 80w, https:\/\/www.entroncamentoonline.pt\/portal\/wp-content\/uploads\/2020\/02\/IMG_20190727_115504-265x198.jpg 265w, https:\/\/www.entroncamentoonline.pt\/portal\/wp-content\/uploads\/2020\/02\/IMG_20190727_115504.jpg 577w\" sizes=\"(max-width: 560px) 100vw, 560px\" alt=\"\">\r\n                            <\/a>\r\n                            <figcaption class = \"td-slide-caption td-gallery-slide-content\"><div class = \"td-gallery-slide-copywrite\">Foto Jo\u00e3o Marques<\/div><\/figcaption>\r\n                        <\/figure>\r\n                    <\/div>\r\n                    <div class = \"td-slide-item td-item11\">\r\n                        <figure class=\"td-slide-galery-figure td-slide-popup-gallery\">\r\n                            <a class=\"slide-gallery-image-link\" href=\"https:\/\/www.entroncamentoonline.pt\/portal\/wp-content\/uploads\/2020\/02\/IMG_20190727_115225.jpg\" title=\"IMG_20190727_115225\"  data-caption=\"Foto Jo\u00e3o Marques\"  data-description=\"\">\r\n                                <img decoding=\"async\" src=\"https:\/\/www.entroncamentoonline.pt\/portal\/wp-content\/uploads\/2020\/02\/IMG_20190727_115225-560x420.jpg\" srcset=\"https:\/\/www.entroncamentoonline.pt\/portal\/wp-content\/uploads\/2020\/02\/IMG_20190727_115225-560x420.jpg 560w, https:\/\/www.entroncamentoonline.pt\/portal\/wp-content\/uploads\/2020\/02\/IMG_20190727_115225-80x60.jpg 80w, https:\/\/www.entroncamentoonline.pt\/portal\/wp-content\/uploads\/2020\/02\/IMG_20190727_115225-265x198.jpg 265w, https:\/\/www.entroncamentoonline.pt\/portal\/wp-content\/uploads\/2020\/02\/IMG_20190727_115225.jpg 577w\" sizes=\"(max-width: 560px) 100vw, 560px\" alt=\"\">\r\n                            <\/a>\r\n                            <figcaption class = \"td-slide-caption td-gallery-slide-content\"><div class = \"td-gallery-slide-copywrite\">Foto Jo\u00e3o Marques<\/div><\/figcaption>\r\n                        <\/figure>\r\n                    <\/div>\r\n                            <\/div>\r\n                        <\/div>\r\n\r\n                        <div class = \"td-doubleSlider-2\">\r\n                            <div class = \"td-slider\">\r\n                                \r\n                    <div class = \"td-button td-item1\">\r\n                        <div class = \"td-border\"><\/div>\r\n                    <\/div>\r\n                    <div class = \"td-button td-item2\">\r\n                        <div class = \"td-border\"><\/div>\r\n                    <\/div>\r\n                    <div class = \"td-button td-item3\">\r\n                        <div class = \"td-border\"><\/div>\r\n                    <\/div>\r\n                    <div class = \"td-button td-item4\">\r\n                        <div class = \"td-border\"><\/div>\r\n                    <\/div>\r\n                    <div class = \"td-button td-item5\">\r\n                        <div class = \"td-border\"><\/div>\r\n                    <\/div>\r\n                    <div class = \"td-button td-item6\">\r\n                        <div class = \"td-border\"><\/div>\r\n                    <\/div>\r\n                    <div class = \"td-button td-item7\">\r\n                        <div class = \"td-border\"><\/div>\r\n                    <\/div>\r\n                    <div class = \"td-button td-item8\">\r\n                        <div class = \"td-border\"><\/div>\r\n                    <\/div>\r\n                    <div class = \"td-button td-item9\">\r\n                        <div class = \"td-border\"><\/div>\r\n                    <\/div>\r\n                    <div class = \"td-button td-item10\">\r\n                        <div class = \"td-border\"><\/div>\r\n                    <\/div>\r\n                    <div class = \"td-button td-item11\">\r\n                        <div class = \"td-border\"><\/div>\r\n                    <\/div>\r\n                            <\/div>\r\n                        <\/div>\r\n\r\n                    <\/div>\r\n\r\n                <\/div>\r\n                \n<p>Temos um design simples e limpo com poucos bot\u00f5es, ao contr\u00e1rio da gera\u00e7\u00e3o anterior, e as sa\u00eddas de ventila\u00e7\u00e3o t\u00eam um efeito espetacular, assemelhando-se muito as turbinas de um avi\u00e3o. Os materiais e a qualidade de constru\u00e7\u00e3o s\u00e3o excelentes, n\u00e3o estiv\u00e9ssemos n\u00f3s a falar de um Mercedes. Temos materiais suaves a cobrir toda a cabine \u00e0 exce\u00e7\u00e3o da consola central onde predomina o pl\u00e1stico em piano black. Na parte superior do tablier e portas temos material suave, e como se trata da vers\u00e3o AMG Line, temos efeito pesponto vermelho por toda a parte. Esse efeito passa tamb\u00e9m para o volante desportivo com patilhas no volante, e as baquets desportivas, que t\u00eam um encaixe muito melhor que as da gera\u00e7\u00e3o anterior. Temos ainda a parte central das portas cobertas por veludo. Na parte traseira a qualidade dos materiais nas portas mant\u00eam-se, assim como o efeito pesponto vermelho nos bancos.<\/p>\n<p>Em termos de habitabilidade \u00e9 um pouco melhor que o classe A e o CLA anterior. Nos bancos dianteiros pouco muda, vamos confort\u00e1veis nestas novas baquets e temos bastante espa\u00e7o para nos esticarmos. Na parte de traseira, temos um pouco mais de espa\u00e7o para as pernas do que no classe A e CLA anterior. No entanto o seu tejadilho a descair retira espa\u00e7o para cabe\u00e7a relativamente ao classe A, mas em rela\u00e7\u00e3o ao CLA anterior d\u00e1 a sensa\u00e7\u00e3o de ser um pouco melhor e menos claustrof\u00f3bico. Para transportar tr\u00eas pessoas de uma vez na parte traseira n\u00e3o parece haver diferen\u00e7a relativamente ao modelo anterior, conseguimos transportar tr\u00eas adultos mas n\u00e3o \u00e9 aconselh\u00e1vel, pois o do banco do meio n\u00e3o iria muito confort\u00e1vel pois tem pouco espa\u00e7o para os ombros, para os p\u00e9s devido ao desn\u00edvel do solo, e para a cabe\u00e7a dado que o banco central senta um pouco mais alto e aquela margem m\u00ednima que t\u00ednhamos para o tejadilho facilmente desaparece.<\/p>\n<p>Nas tecnologias temos dois grandes ecr\u00e3s de 10 polegadas que criam o cockpit digital panor\u00e2mico. No ecr\u00e3 mais ao centro temos o sistema de infotaiment, o MBUX, com intelig\u00eancia artificial com o qual podemos \u201cfalar\u201d e perguntar algumas coisas. O MBUX \u00e0 semelhan\u00e7a de todos os outros modelos da marca, responde a comandos de voz. Para ativar o sistema basta dizer \u201cOl\u00e1 Mercedes\u201d e de seguida dizer o que queremos, como por exemplo, \u201ctenho fome\u201d e a\u00ed o sistema ir\u00e1 apresentar no sistema de navega\u00e7\u00e3o os restaurantes mais perto e perguntar qual pretendemos selecionar. No ecr\u00e3 em frente ao condutor, o qual se pode chamar de painel de instrumentos digital, temos v\u00e1rias informa\u00e7\u00f5es como a \u201ctradicional\u201d autonomia, m\u00e9dias de consumo, as ajudas de condu\u00e7\u00e3o ativas, etc. Este painel de instrumentos pode tomar v\u00e1rios aspetos, por exemplo, se tivermos a navega\u00e7\u00e3o ativa o mapa aparece centrado no painel. Podemos alternar o aspeto dos mostradores, entre o modo cl\u00e1ssico, modo normal, e o modo desportivo. Para controlarmos os ecr\u00e3s que temos \u00e0 nossa frente podemos usar apenas o volante atrav\u00e9s de uns pequenos touchpads presentes junto aos bot\u00f5es de comando. Do lado direito controlamos o ecr\u00e3 central, ou seja, o sistema de infotaiment, que tamb\u00e9m pode ser controlado atrav\u00e9s de um touchpad maior presente na consola central. Do lado esquerdo controlamos tudo do painel de instrumentos digital. Ainda nas tecnologias, mas nas ajudas \u00e0 condu\u00e7\u00e3o, o CLA conta com c\u00e2mara de estacionamento com v\u00e1rios \u00e2ngulos, manuten\u00e7\u00e3o na faixa de rodagem, aviso de colis\u00e3o com travagem de emerg\u00eancia, avisador do \u00e2ngulo morto, cruise control adaptativo, entre outros.<\/p>\n<p>A unidade ensaiada estava equipada com um motor diesel 1.5 de cilindrada com 116cv e 260Nm de bin\u00e1rio.<\/p>\n<p>Este motor \u00e9 ideal para quem quer fazer bons consumos pois ronda os 5\/5,5lt por 100km, no entanto para quem quer tirar todo o partido de ter um Mercedes e deste chassi maravilhoso do novo CLA, um motor superior \u00e9 o ideal.<\/p>\n<p>Para fazermos viagens longas em auto estrada o CLA \u00e9 \u00f3timo. Temos umas baquets mais confort\u00e1veis que as do modelo anterior, assim como a suspens\u00e3o, e a cabine tamb\u00e9m est\u00e1 mais bem isolada.<\/p>\n<p>Em percursos urbanos tamb\u00e9m \u00e9 relativamente f\u00e1cil de conduzir, dado que a dire\u00e7\u00e3o \u00e9 leve e a caixa de velocidades autom\u00e1tica tamb\u00e9m facilita.<\/p>\n<p>Ao fazermos uma condu\u00e7\u00e3o desportiva, este motor n\u00e3o \u00e9 o melhor pois n\u00e3o \u00e9 o que tem melhor resposta. No entanto este novo chassi \u00e9 muito melhor que o modelo anterior e o CLA \u00e9 um carro que temos muita confian\u00e7a quando atacamos umas curvas, ao contr\u00e1rio do que acontecia no modelo anterior que era preciso ter um pouco de respeito pelo carro. Isto deve-se ao facto de que no modelo anterior a Mercedes apenas se limitou a colocar uma traseira no chassi do classe A, mas com estes novos modelos isso acontece no classe A limousine. Apesar de ser o mesmo chassi que o A, o Mercedes deu uma afina\u00e7\u00e3o especial para o CLA, incluindo um aumento da dist\u00e2ncia entre eixos, tornando o CLA um modelo mais exclusivo e diferenciado do A. Com o motor certo, este novo CLA ser\u00e1 um bom brinquedo no que toca \u00e0 condu\u00e7\u00e3o desportiva.<\/p>\n<p>A vers\u00e3o ensaiada custa 46.388,79\u20ac, no entanto pode obter um CLA a partir de 37.850\u20ac. O CLA 180d paga 146,79\u20ac.<\/p>\n<p>Gostar\u00edamos de agradecer \u00e0 equipa da Sodicentro de Leiria pela ced\u00eancia da viatura para ensaio.( www.sodicentro.pt )<\/p>\n<p><iframe loading=\"lazy\" title=\"Mercedes CLA 180d AMG Line 116cv - Ensaio POV (POV Review)\" width=\"696\" height=\"392\" src=\"https:\/\/www.youtube.com\/embed\/Zttg9e07PEM?feature=oembed\" frameborder=\"0\" allow=\"accelerometer; autoplay; encrypted-media; gyroscope; picture-in-picture\" allowfullscreen><\/iframe><\/p>\n<p>&nbsp;<\/p>\n<p>&nbsp;<\/p>\n<div class=\"fb-background-color\">\n\t\t\t  <div \n\t\t\t  \tclass = \"fb-comments\" \n\t\t\t  \tdata-href = \"https:\/\/www.entroncamentoonline.pt\/portal\/mercedes-cla-180d-amg-line-116cv-isto-e-progresso\/\"\n\t\t\t  \tdata-numposts = \"10\"\n\t\t\t  \tdata-lazy = \"true\"\n\t\t\t\tdata-colorscheme = \"light\"\n\t\t\t\tdata-order-by = \"social\"\n\t\t\t\tdata-mobile=true>\n\t\t\t  <\/div><\/div>\n\t\t  <style>\n\t\t    .fb-background-color {\n\t\t\t\tbackground:  !important;\n\t\t\t}\n\t\t\t.fb_iframe_widget_fluid_desktop iframe {\n\t\t\t    width: 100% !important;\n\t\t\t}\n\t\t  <\/style>\n\t\t  ","protected":false},"excerpt":{"rendered":"<p>Relativamente ao modelo anterior, o novo CLA progrediu bastante, n\u00e3o tanto no seu design pois facilmente o identificamos como um CLA, mas no que toca \u00e0 din\u00e2mica de condu\u00e7\u00e3o e tecnologia nele presente. A Mercedes tentou fazer com que o CLA fosse um \u201cmini CLS\u201d, aproximando muito os seus tra\u00e7os de design exterior. Na parte [&hellip;]<\/p>\n","protected":false},"author":1,"featured_media":16505,"comment_status":"open","ping_status":"closed","sticky":false,"template":"","format":"standard","meta":{"_acf_changed":false,"footnotes":""},"categories":[62],"tags":[],"class_list":{"0":"post-16496","1":"post","2":"type-post","3":"status-publish","4":"format-standard","5":"has-post-thumbnail","7":"category-cronica-automovel"},"acf":[],"_links":{"self":[{"href":"https:\/\/www.entroncamentoonline.pt\/portal\/wp-json\/wp\/v2\/posts\/16496","targetHints":{"allow":["GET"]}}],"collection":[{"href":"https:\/\/www.entroncamentoonline.pt\/portal\/wp-json\/wp\/v2\/posts"}],"about":[{"href":"https:\/\/www.entroncamentoonline.pt\/portal\/wp-json\/wp\/v2\/types\/post"}],"author":[{"embeddable":true,"href":"https:\/\/www.entroncamentoonline.pt\/portal\/wp-json\/wp\/v2\/users\/1"}],"replies":[{"embeddable":true,"href":"https:\/\/www.entroncamentoonline.pt\/portal\/wp-json\/wp\/v2\/comments?post=16496"}],"version-history":[{"count":0,"href":"https:\/\/www.entroncamentoonline.pt\/portal\/wp-json\/wp\/v2\/posts\/16496\/revisions"}],"wp:featuredmedia":[{"embeddable":true,"href":"https:\/\/www.entroncamentoonline.pt\/portal\/wp-json\/wp\/v2\/media\/16505"}],"wp:attachment":[{"href":"https:\/\/www.entroncamentoonline.pt\/portal\/wp-json\/wp\/v2\/media?parent=16496"}],"wp:term":[{"taxonomy":"category","embeddable":true,"href":"https:\/\/www.entroncamentoonline.pt\/portal\/wp-json\/wp\/v2\/categories?post=16496"},{"taxonomy":"post_tag","embeddable":true,"href":"https:\/\/www.entroncamentoonline.pt\/portal\/wp-json\/wp\/v2\/tags?post=16496"}],"curies":[{"name":"wp","href":"https:\/\/api.w.org\/{rel}","templated":true}]}}