{"id":15592,"date":"2020-01-23T19:26:13","date_gmt":"2020-01-23T19:26:13","guid":{"rendered":"https:\/\/www.entroncamentoonline.pt\/portal\/?p=15592"},"modified":"2020-01-23T19:26:13","modified_gmt":"2020-01-23T19:26:13","slug":"entroncamento-tomaram-posse-os-novos-orgaos-sociais-da-scafa","status":"publish","type":"post","link":"https:\/\/www.entroncamentoonline.pt\/portal\/entroncamento-tomaram-posse-os-novos-orgaos-sociais-da-scafa\/","title":{"rendered":"Entroncamento | Tomaram posse os novos \u00f3rg\u00e3os sociais da SCAFA"},"content":{"rendered":"<p>Foram eleitos em Assembleia Geral realizada no dia 17\/01\/2020 os membros dos \u00d3rg\u00e3os Sociais da SCAFA- Cooperativa de Consumo dos Ferrovi\u00e1rios e Aderentes CRL, \u00a0para o tri\u00e9nio 2020\/2022, cuja lista foi apresentada pela Direc\u00e7\u00e3o cessante.<\/p>\n<p>O ato da tomada de posse teve lugar esta quarta-feira, dia 22, na sede da SCAFA e a lista empossada tem a seguinte composi\u00e7\u00e3o:<\/p>\n<h6><strong>MESA DA ASSEMBLEIA GERAL<\/strong><br \/>\nPresidente: Jos\u00e9 Fernando Martins Jorge<br \/>\nVice-Presidente: Adelina Maria Dur\u00e3o Bastos<br \/>\nSecret\u00e1rio: Jos\u00e9 Augusto Paix\u00e3o<\/p>\n<p><strong>DIREC\u00c7\u00c3O<\/strong><br \/>\nPresidente: M\u00e1rio Eug\u00e9nio Filipe Duarte<br \/>\nVice-Presidente: Jos\u00e9 Fernandes Maia Mendes<br \/>\nVogal: Carlos Manuel da Concei\u00e7\u00e3o Mendes<br \/>\nSuplentes:<br \/>\nJos\u00e9 David da Silva Ribeiro<br \/>\nLu\u00eds Afonso Rito Fa\u00edsca<\/h6>\n<h6><strong>CONSELHO FISCAL<\/strong><br \/>\nPresidente: Raul da Silva Baptista<br \/>\nVogal: Raquel Maria Pereira de Oliveira Mendes<br \/>\nVogal: H\u00e9lder Ant\u00f3nio Ribeiro Neves<br \/>\nSuplentes:<br \/>\nFernando Marques Maia<br \/>\nFernanda Maria Jorge Pinto<\/h6>\n<div class=\"fb-background-color\">\n\t\t\t  <div \n\t\t\t  \tclass = \"fb-comments\" \n\t\t\t  \tdata-href = \"https:\/\/www.entroncamentoonline.pt\/portal\/entroncamento-tomaram-posse-os-novos-orgaos-sociais-da-scafa\/\"\n\t\t\t  \tdata-numposts = \"10\"\n\t\t\t  \tdata-lazy = \"true\"\n\t\t\t\tdata-colorscheme = \"light\"\n\t\t\t\tdata-order-by = \"social\"\n\t\t\t\tdata-mobile=true>\n\t\t\t  <\/div><\/div>\n\t\t  <style>\n\t\t    .fb-background-color {\n\t\t\t\tbackground:  !important;\n\t\t\t}\n\t\t\t.fb_iframe_widget_fluid_desktop iframe {\n\t\t\t    width: 100% !important;\n\t\t\t}\n\t\t  <\/style>\n\t\t  ","protected":false},"excerpt":{"rendered":"<p>Foram eleitos em Assembleia Geral realizada no dia 17\/01\/2020 os membros dos \u00d3rg\u00e3os Sociais da SCAFA- Cooperativa de Consumo dos Ferrovi\u00e1rios e Aderentes CRL, \u00a0para o tri\u00e9nio 2020\/2022, cuja lista foi apresentada pela Direc\u00e7\u00e3o cessante. O ato da tomada de posse teve lugar esta quarta-feira, dia 22, na sede da SCAFA e a lista empossada [&hellip;]<\/p>\n","protected":false},"author":1,"featured_media":0,"comment_status":"open","ping_status":"closed","sticky":false,"template":"","format":"standard","meta":{"_acf_changed":false,"footnotes":""},"categories":[51],"tags":[],"class_list":{"0":"post-15592","1":"post","2":"type-post","3":"status-publish","4":"format-standard","6":"category-breves"},"acf":[],"_links":{"self":[{"href":"https:\/\/www.entroncamentoonline.pt\/portal\/wp-json\/wp\/v2\/posts\/15592","targetHints":{"allow":["GET"]}}],"collection":[{"href":"https:\/\/www.entroncamentoonline.pt\/portal\/wp-json\/wp\/v2\/posts"}],"about":[{"href":"https:\/\/www.entroncamentoonline.pt\/portal\/wp-json\/wp\/v2\/types\/post"}],"author":[{"embeddable":true,"href":"https:\/\/www.entroncamentoonline.pt\/portal\/wp-json\/wp\/v2\/users\/1"}],"replies":[{"embeddable":true,"href":"https:\/\/www.entroncamentoonline.pt\/portal\/wp-json\/wp\/v2\/comments?post=15592"}],"version-history":[{"count":0,"href":"https:\/\/www.entroncamentoonline.pt\/portal\/wp-json\/wp\/v2\/posts\/15592\/revisions"}],"wp:attachment":[{"href":"https:\/\/www.entroncamentoonline.pt\/portal\/wp-json\/wp\/v2\/media?parent=15592"}],"wp:term":[{"taxonomy":"category","embeddable":true,"href":"https:\/\/www.entroncamentoonline.pt\/portal\/wp-json\/wp\/v2\/categories?post=15592"},{"taxonomy":"post_tag","embeddable":true,"href":"https:\/\/www.entroncamentoonline.pt\/portal\/wp-json\/wp\/v2\/tags?post=15592"}],"curies":[{"name":"wp","href":"https:\/\/api.w.org\/{rel}","templated":true}]}}