{"id":15475,"date":"2020-01-20T15:53:18","date_gmt":"2020-01-20T15:53:18","guid":{"rendered":"https:\/\/www.entroncamentoonline.pt\/portal\/?p=15475"},"modified":"2020-01-20T15:53:18","modified_gmt":"2020-01-20T15:53:18","slug":"pico-da-gripe-foi-na-primeira-semana-do-ano","status":"publish","type":"post","link":"https:\/\/www.entroncamentoonline.pt\/portal\/pico-da-gripe-foi-na-primeira-semana-do-ano\/","title":{"rendered":"Pico da gripe foi na primeira semana do ano"},"content":{"rendered":"<p>O pico da gripe em Portugal ocorreu na primeira semana do ano. Na maioria do territ\u00f3rio, o surto epid\u00e9mico foi de grau 3 (moderado), semelhante ao do ano passado, no qual se registaram 3.331 \u00f3bitos devido \u00e0 doen\u00e7a.<\/p>\n<p>Confirmou-se a previs\u00e3o avan\u00e7ada pelo Centro de Estudos e Avalia\u00e7\u00e3o em Sa\u00fade (CEFAR), da Associa\u00e7\u00e3o Nacional das Farm\u00e1cias, em confer\u00eancia de imprensa realizada no dia 11 de Dezembro de 2019.<\/p>\n<p>As farm\u00e1cias atendem, em m\u00e9dia, 520 mil pessoas por dia. A partir dos dados estat\u00edsticos relativos \u00e0 procura de medicamentos e produtos de sa\u00fade para infe\u00e7\u00f5es respirat\u00f3rias, conseguem antecipar a evolu\u00e7\u00e3o da epidemia em duas semanas. O impacto da epidemia nas urg\u00eancias hospitalares e nos cuidados prim\u00e1rios s\u00f3 acontece mais tarde.<\/p>\n<p>\u00abEsperamos ter contribu\u00eddo para melhorar a planifica\u00e7\u00e3o e diminuir o impacto da gripe nos servi\u00e7os de sa\u00fade, assim como para refor\u00e7ar as atitudes preventivas da popula\u00e7\u00e3o quando isso era mais necess\u00e1rio\u00bb, declara Ant\u00f3nio Teixeira Rodrigues, diretor do CEFAR.<\/p>\n<p>O Despertador das Farm\u00e1cias fornece dados seguros concelho a concelho. \u00abA epidemia iniciou-se com maior intensidade em Lisboa e Algarve, e tamb\u00e9m na regi\u00e3o Norte. Atingido o pico, podemos dizer que os distritos em que se verificou maior atividade gripal foram Faro, Braga e Vila Real\u00bb, descreve Peter Heudtlass, investigador do CEFAR.<\/p>\n<p>\u00abAtualmente, a atividade gripal est\u00e1 a decrescer em todos os distritos de Portugal continental e tamb\u00e9m na Madeira. Nos A\u00e7ores, a atividade gripal ainda n\u00e3o est\u00e1 a decrescer, mas mantem-se baixa\u00bb, nota Peter Heudtlass.<\/p>\n<p>\u00abO objetivo das farm\u00e1cias \u00e9 colaborar com as autoridades de sa\u00fade nos grandes objetivos de Sa\u00fade P\u00fablica. No caso da gripe, o primeiro alerta s\u00f3 \u00e9 poss\u00edvel a partir dos nossos sistemas de informa\u00e7\u00e3o. O Despertador das Farm\u00e1cias \u00e9 para n\u00f3s uma quest\u00e3o de responsabilidade e de compromisso\u00bb, conclui Humberto Martins, diretor para a \u00e1rea profissional da ANF.<\/p>\n<div class=\"fb-background-color\">\n\t\t\t  <div \n\t\t\t  \tclass = \"fb-comments\" \n\t\t\t  \tdata-href = \"https:\/\/www.entroncamentoonline.pt\/portal\/pico-da-gripe-foi-na-primeira-semana-do-ano\/\"\n\t\t\t  \tdata-numposts = \"10\"\n\t\t\t  \tdata-lazy = \"true\"\n\t\t\t\tdata-colorscheme = \"light\"\n\t\t\t\tdata-order-by = \"social\"\n\t\t\t\tdata-mobile=true>\n\t\t\t  <\/div><\/div>\n\t\t  <style>\n\t\t    .fb-background-color {\n\t\t\t\tbackground:  !important;\n\t\t\t}\n\t\t\t.fb_iframe_widget_fluid_desktop iframe {\n\t\t\t    width: 100% !important;\n\t\t\t}\n\t\t  <\/style>\n\t\t  ","protected":false},"excerpt":{"rendered":"<p>O pico da gripe em Portugal ocorreu na primeira semana do ano. Na maioria do territ\u00f3rio, o surto epid\u00e9mico foi de grau 3 (moderado), semelhante ao do ano passado, no qual se registaram 3.331 \u00f3bitos devido \u00e0 doen\u00e7a. Confirmou-se a previs\u00e3o avan\u00e7ada pelo Centro de Estudos e Avalia\u00e7\u00e3o em Sa\u00fade (CEFAR), da Associa\u00e7\u00e3o Nacional das [&hellip;]<\/p>\n","protected":false},"author":1,"featured_media":0,"comment_status":"open","ping_status":"closed","sticky":false,"template":"","format":"standard","meta":{"_acf_changed":false,"footnotes":""},"categories":[51],"tags":[],"class_list":{"0":"post-15475","1":"post","2":"type-post","3":"status-publish","4":"format-standard","6":"category-breves"},"acf":[],"_links":{"self":[{"href":"https:\/\/www.entroncamentoonline.pt\/portal\/wp-json\/wp\/v2\/posts\/15475","targetHints":{"allow":["GET"]}}],"collection":[{"href":"https:\/\/www.entroncamentoonline.pt\/portal\/wp-json\/wp\/v2\/posts"}],"about":[{"href":"https:\/\/www.entroncamentoonline.pt\/portal\/wp-json\/wp\/v2\/types\/post"}],"author":[{"embeddable":true,"href":"https:\/\/www.entroncamentoonline.pt\/portal\/wp-json\/wp\/v2\/users\/1"}],"replies":[{"embeddable":true,"href":"https:\/\/www.entroncamentoonline.pt\/portal\/wp-json\/wp\/v2\/comments?post=15475"}],"version-history":[{"count":0,"href":"https:\/\/www.entroncamentoonline.pt\/portal\/wp-json\/wp\/v2\/posts\/15475\/revisions"}],"wp:attachment":[{"href":"https:\/\/www.entroncamentoonline.pt\/portal\/wp-json\/wp\/v2\/media?parent=15475"}],"wp:term":[{"taxonomy":"category","embeddable":true,"href":"https:\/\/www.entroncamentoonline.pt\/portal\/wp-json\/wp\/v2\/categories?post=15475"},{"taxonomy":"post_tag","embeddable":true,"href":"https:\/\/www.entroncamentoonline.pt\/portal\/wp-json\/wp\/v2\/tags?post=15475"}],"curies":[{"name":"wp","href":"https:\/\/api.w.org\/{rel}","templated":true}]}}