{"id":15059,"date":"2020-01-07T16:51:16","date_gmt":"2020-01-07T16:51:16","guid":{"rendered":"https:\/\/www.entroncamentoonline.pt\/portal\/?p=15059"},"modified":"2020-01-07T16:51:16","modified_gmt":"2020-01-07T16:51:16","slug":"municipio-de-tomar-aumenta-apoio-na-acao-social-escolar","status":"publish","type":"post","link":"https:\/\/www.entroncamentoonline.pt\/portal\/municipio-de-tomar-aumenta-apoio-na-acao-social-escolar\/","title":{"rendered":"Munic\u00edpio de Tomar aumenta apoio na a\u00e7\u00e3o social escolar"},"content":{"rendered":"<p>A partir de janeiro, e no \u00e2mbito do or\u00e7amento municipal para 2020, foi anunciado pelo vereador Hugo Crist\u00f3v\u00e3o em reuni\u00e3o de c\u00e2mara, o apoio em mais 5 euros mensais por aluno que almoce nas cantinas escolares de pr\u00e9-escolar e 1\u00ba ciclo. O apoio \u00e9 prestado \u00e0s associa\u00e7\u00f5es de pais, que gerem ainda em parte das escolas do concelho este servi\u00e7o.<\/p>\n<p>Mais um investimento na \u00e1rea da educa\u00e7\u00e3o, que rondar\u00e1 os 30.000 \u20ac ano, a juntar aos cerca de 4 milh\u00f5es de euros anuais que comporta o or\u00e7amento municipal na \u00e1rea da educa\u00e7\u00e3o e que se pretende ser mais um apoio \u00e0 sustentabilidade das associa\u00e7\u00f5es de pais e \u00e0s fam\u00edlias em geral.<\/p>\n<div class=\"fb-background-color\">\n\t\t\t  <div \n\t\t\t  \tclass = \"fb-comments\" \n\t\t\t  \tdata-href = \"https:\/\/www.entroncamentoonline.pt\/portal\/municipio-de-tomar-aumenta-apoio-na-acao-social-escolar\/\"\n\t\t\t  \tdata-numposts = \"10\"\n\t\t\t  \tdata-lazy = \"true\"\n\t\t\t\tdata-colorscheme = \"light\"\n\t\t\t\tdata-order-by = \"social\"\n\t\t\t\tdata-mobile=true>\n\t\t\t  <\/div><\/div>\n\t\t  <style>\n\t\t    .fb-background-color {\n\t\t\t\tbackground:  !important;\n\t\t\t}\n\t\t\t.fb_iframe_widget_fluid_desktop iframe {\n\t\t\t    width: 100% !important;\n\t\t\t}\n\t\t  <\/style>\n\t\t  ","protected":false},"excerpt":{"rendered":"<p>A partir de janeiro, e no \u00e2mbito do or\u00e7amento municipal para 2020, foi anunciado pelo vereador Hugo Crist\u00f3v\u00e3o em reuni\u00e3o de c\u00e2mara, o apoio em mais 5 euros mensais por aluno que almoce nas cantinas escolares de pr\u00e9-escolar e 1\u00ba ciclo. O apoio \u00e9 prestado \u00e0s associa\u00e7\u00f5es de pais, que gerem ainda em parte das [&hellip;]<\/p>\n","protected":false},"author":1,"featured_media":0,"comment_status":"open","ping_status":"closed","sticky":false,"template":"","format":"standard","meta":{"_acf_changed":false,"footnotes":""},"categories":[51],"tags":[],"class_list":{"0":"post-15059","1":"post","2":"type-post","3":"status-publish","4":"format-standard","6":"category-breves"},"acf":[],"_links":{"self":[{"href":"https:\/\/www.entroncamentoonline.pt\/portal\/wp-json\/wp\/v2\/posts\/15059","targetHints":{"allow":["GET"]}}],"collection":[{"href":"https:\/\/www.entroncamentoonline.pt\/portal\/wp-json\/wp\/v2\/posts"}],"about":[{"href":"https:\/\/www.entroncamentoonline.pt\/portal\/wp-json\/wp\/v2\/types\/post"}],"author":[{"embeddable":true,"href":"https:\/\/www.entroncamentoonline.pt\/portal\/wp-json\/wp\/v2\/users\/1"}],"replies":[{"embeddable":true,"href":"https:\/\/www.entroncamentoonline.pt\/portal\/wp-json\/wp\/v2\/comments?post=15059"}],"version-history":[{"count":0,"href":"https:\/\/www.entroncamentoonline.pt\/portal\/wp-json\/wp\/v2\/posts\/15059\/revisions"}],"wp:attachment":[{"href":"https:\/\/www.entroncamentoonline.pt\/portal\/wp-json\/wp\/v2\/media?parent=15059"}],"wp:term":[{"taxonomy":"category","embeddable":true,"href":"https:\/\/www.entroncamentoonline.pt\/portal\/wp-json\/wp\/v2\/categories?post=15059"},{"taxonomy":"post_tag","embeddable":true,"href":"https:\/\/www.entroncamentoonline.pt\/portal\/wp-json\/wp\/v2\/tags?post=15059"}],"curies":[{"name":"wp","href":"https:\/\/api.w.org\/{rel}","templated":true}]}}