{"id":14991,"date":"2020-01-06T09:07:12","date_gmt":"2020-01-06T09:07:12","guid":{"rendered":"https:\/\/www.entroncamentoonline.pt\/portal\/?p=14991"},"modified":"2020-01-06T09:07:12","modified_gmt":"2020-01-06T09:07:12","slug":"almoco-solidario-da-conferencia-de-sao-vicente-de-paulo","status":"publish","type":"post","link":"https:\/\/www.entroncamentoonline.pt\/portal\/almoco-solidario-da-conferencia-de-sao-vicente-de-paulo\/","title":{"rendered":"Almo\u00e7o Solid\u00e1rio da Confer\u00eancia de S\u00e3o Vicente de Paulo"},"content":{"rendered":"<p><img loading=\"lazy\" decoding=\"async\" class=\"size-full wp-image-14992 alignleft\" src=\"https:\/\/www.entroncamentoonline.pt\/portal\/wp-content\/uploads\/2020\/01\/Almo\u00e7oCADE.jpg\" alt=\"\" width=\"320\" height=\"240\" srcset=\"https:\/\/www.entroncamentoonline.pt\/portal\/wp-content\/uploads\/2020\/01\/Almo\u00e7oCADE.jpg 320w, https:\/\/www.entroncamentoonline.pt\/portal\/wp-content\/uploads\/2020\/01\/Almo\u00e7oCADE-80x60.jpg 80w, https:\/\/www.entroncamentoonline.pt\/portal\/wp-content\/uploads\/2020\/01\/Almo\u00e7oCADE-265x198.jpg 265w\" sizes=\"auto, (max-width: 320px) 100vw, 320px\" \/>Realizou-se hoje nas instala\u00e7\u00f5es do CADE, um almo\u00e7o solid\u00e1rio, realizado pela Confer\u00eancia de S\u00e3o Vicente de Paulo, com a colabora\u00e7\u00e3o da Catequese da Paroquia da Sagrada Fam\u00edlia, no Entroncamento.<\/p>\n<p>O CADE associou-se \u00e0 iniciativa.<\/p>\n<div class=\"fb-background-color\">\n\t\t\t  <div \n\t\t\t  \tclass = \"fb-comments\" \n\t\t\t  \tdata-href = \"https:\/\/www.entroncamentoonline.pt\/portal\/almoco-solidario-da-conferencia-de-sao-vicente-de-paulo\/\"\n\t\t\t  \tdata-numposts = \"10\"\n\t\t\t  \tdata-lazy = \"true\"\n\t\t\t\tdata-colorscheme = \"light\"\n\t\t\t\tdata-order-by = \"social\"\n\t\t\t\tdata-mobile=true>\n\t\t\t  <\/div><\/div>\n\t\t  <style>\n\t\t    .fb-background-color {\n\t\t\t\tbackground:  !important;\n\t\t\t}\n\t\t\t.fb_iframe_widget_fluid_desktop iframe {\n\t\t\t    width: 100% !important;\n\t\t\t}\n\t\t  <\/style>\n\t\t  ","protected":false},"excerpt":{"rendered":"<p>Realizou-se hoje nas instala\u00e7\u00f5es do CADE, um almo\u00e7o solid\u00e1rio, realizado pela Confer\u00eancia de S\u00e3o Vicente de Paulo, com a colabora\u00e7\u00e3o da Catequese da Paroquia da Sagrada Fam\u00edlia, no Entroncamento. O CADE associou-se \u00e0 iniciativa.<\/p>\n","protected":false},"author":1,"featured_media":0,"comment_status":"open","ping_status":"closed","sticky":false,"template":"","format":"standard","meta":{"_acf_changed":false,"footnotes":""},"categories":[51],"tags":[],"class_list":{"0":"post-14991","1":"post","2":"type-post","3":"status-publish","4":"format-standard","6":"category-breves"},"acf":[],"_links":{"self":[{"href":"https:\/\/www.entroncamentoonline.pt\/portal\/wp-json\/wp\/v2\/posts\/14991","targetHints":{"allow":["GET"]}}],"collection":[{"href":"https:\/\/www.entroncamentoonline.pt\/portal\/wp-json\/wp\/v2\/posts"}],"about":[{"href":"https:\/\/www.entroncamentoonline.pt\/portal\/wp-json\/wp\/v2\/types\/post"}],"author":[{"embeddable":true,"href":"https:\/\/www.entroncamentoonline.pt\/portal\/wp-json\/wp\/v2\/users\/1"}],"replies":[{"embeddable":true,"href":"https:\/\/www.entroncamentoonline.pt\/portal\/wp-json\/wp\/v2\/comments?post=14991"}],"version-history":[{"count":0,"href":"https:\/\/www.entroncamentoonline.pt\/portal\/wp-json\/wp\/v2\/posts\/14991\/revisions"}],"wp:attachment":[{"href":"https:\/\/www.entroncamentoonline.pt\/portal\/wp-json\/wp\/v2\/media?parent=14991"}],"wp:term":[{"taxonomy":"category","embeddable":true,"href":"https:\/\/www.entroncamentoonline.pt\/portal\/wp-json\/wp\/v2\/categories?post=14991"},{"taxonomy":"post_tag","embeddable":true,"href":"https:\/\/www.entroncamentoonline.pt\/portal\/wp-json\/wp\/v2\/tags?post=14991"}],"curies":[{"name":"wp","href":"https:\/\/api.w.org\/{rel}","templated":true}]}}