{"id":14788,"date":"2019-12-25T16:29:21","date_gmt":"2019-12-25T16:29:21","guid":{"rendered":"https:\/\/www.entroncamentoonline.pt\/portal\/?p=14788"},"modified":"2019-12-25T21:46:43","modified_gmt":"2019-12-25T21:46:43","slug":"novas-musicas-de-killa-com-video-de-ruben-pereira-e-wez","status":"publish","type":"post","link":"https:\/\/www.entroncamentoonline.pt\/portal\/novas-musicas-de-killa-com-video-de-ruben-pereira-e-wez\/","title":{"rendered":"Novas m\u00fasicas de Killa com v\u00eddeo de R\u00faben Pereira e Wez"},"content":{"rendered":"<p>R\u00faben Pereira gravou e editou o videoclipe da nova m\u00fasica de \u201cKilla\u201d que pode ver e ouvir aqui. Tamb\u00e9m o &#8220;Wez&#8221;, do mesmo grupo lan\u00e7ou uma nova m\u00fasica que tamb\u00e9m pode ver e ouvir aqui.<\/p>\n<p>&nbsp;<\/p>\n<p><iframe loading=\"lazy\" title=\"Killa KF - Sem Receita\" width=\"696\" height=\"392\" src=\"https:\/\/www.youtube.com\/embed\/Nu-f6lM6nkU?feature=oembed\" frameborder=\"0\" allow=\"accelerometer; autoplay; encrypted-media; gyroscope; picture-in-picture\" allowfullscreen><\/iframe><\/p>\n<p>&nbsp;<\/p>\n<p><iframe loading=\"lazy\" title=\"Wez KF ft Don Simon - Rodeo\" width=\"696\" height=\"392\" src=\"https:\/\/www.youtube.com\/embed\/I0YYz8oMclo?feature=oembed\" frameborder=\"0\" allow=\"accelerometer; autoplay; encrypted-media; gyroscope; picture-in-picture\" allowfullscreen><\/iframe><\/p>\n<p>&nbsp;<\/p>\n<div class=\"fb-background-color\">\n\t\t\t  <div \n\t\t\t  \tclass = \"fb-comments\" \n\t\t\t  \tdata-href = \"https:\/\/www.entroncamentoonline.pt\/portal\/novas-musicas-de-killa-com-video-de-ruben-pereira-e-wez\/\"\n\t\t\t  \tdata-numposts = \"10\"\n\t\t\t  \tdata-lazy = \"true\"\n\t\t\t\tdata-colorscheme = \"light\"\n\t\t\t\tdata-order-by = \"social\"\n\t\t\t\tdata-mobile=true>\n\t\t\t  <\/div><\/div>\n\t\t  <style>\n\t\t    .fb-background-color {\n\t\t\t\tbackground:  !important;\n\t\t\t}\n\t\t\t.fb_iframe_widget_fluid_desktop iframe {\n\t\t\t    width: 100% !important;\n\t\t\t}\n\t\t  <\/style>\n\t\t  ","protected":false},"excerpt":{"rendered":"<p>R\u00faben Pereira gravou e editou o videoclipe da nova m\u00fasica de \u201cKilla\u201d que pode ver e ouvir aqui. Tamb\u00e9m o &#8220;Wez&#8221;, do mesmo grupo lan\u00e7ou uma nova m\u00fasica que tamb\u00e9m pode ver e ouvir aqui. &nbsp; &nbsp; &nbsp;<\/p>\n","protected":false},"author":1,"featured_media":14790,"comment_status":"open","ping_status":"closed","sticky":false,"template":"","format":"standard","meta":{"_acf_changed":false,"footnotes":""},"categories":[68],"tags":[],"class_list":{"0":"post-14788","1":"post","2":"type-post","3":"status-publish","4":"format-standard","5":"has-post-thumbnail","7":"category-na-boa"},"acf":[],"_links":{"self":[{"href":"https:\/\/www.entroncamentoonline.pt\/portal\/wp-json\/wp\/v2\/posts\/14788","targetHints":{"allow":["GET"]}}],"collection":[{"href":"https:\/\/www.entroncamentoonline.pt\/portal\/wp-json\/wp\/v2\/posts"}],"about":[{"href":"https:\/\/www.entroncamentoonline.pt\/portal\/wp-json\/wp\/v2\/types\/post"}],"author":[{"embeddable":true,"href":"https:\/\/www.entroncamentoonline.pt\/portal\/wp-json\/wp\/v2\/users\/1"}],"replies":[{"embeddable":true,"href":"https:\/\/www.entroncamentoonline.pt\/portal\/wp-json\/wp\/v2\/comments?post=14788"}],"version-history":[{"count":0,"href":"https:\/\/www.entroncamentoonline.pt\/portal\/wp-json\/wp\/v2\/posts\/14788\/revisions"}],"wp:featuredmedia":[{"embeddable":true,"href":"https:\/\/www.entroncamentoonline.pt\/portal\/wp-json\/wp\/v2\/media\/14790"}],"wp:attachment":[{"href":"https:\/\/www.entroncamentoonline.pt\/portal\/wp-json\/wp\/v2\/media?parent=14788"}],"wp:term":[{"taxonomy":"category","embeddable":true,"href":"https:\/\/www.entroncamentoonline.pt\/portal\/wp-json\/wp\/v2\/categories?post=14788"},{"taxonomy":"post_tag","embeddable":true,"href":"https:\/\/www.entroncamentoonline.pt\/portal\/wp-json\/wp\/v2\/tags?post=14788"}],"curies":[{"name":"wp","href":"https:\/\/api.w.org\/{rel}","templated":true}]}}