{"id":14595,"date":"2019-12-18T22:48:14","date_gmt":"2019-12-18T22:48:14","guid":{"rendered":"https:\/\/www.entroncamentoonline.pt\/portal\/?p=14595"},"modified":"2019-12-18T22:48:14","modified_gmt":"2019-12-18T22:48:14","slug":"municipio-de-sardoal-aprova-imposto-sobre-imoveis-imi-para-2020-com-estimulo-ao-arrendamento","status":"publish","type":"post","link":"https:\/\/www.entroncamentoonline.pt\/portal\/municipio-de-sardoal-aprova-imposto-sobre-imoveis-imi-para-2020-com-estimulo-ao-arrendamento\/","title":{"rendered":"Munic\u00edpio de Sardoal aprova Imposto sobre Im\u00f3veis (IMI)\u00a0\u00a0para 2020 com est\u00edmulo ao arrendamento"},"content":{"rendered":"<p>A C\u00e2mara Municipal de Sardoal aprovou por unanimidade, em reuni\u00e3o realizada a 4 de dezembro, a proposta do Presidente da C\u00e2mara relativa \u00e0s taxas de Imposto sobre Im\u00f3veis (IMI) para o ano de 2020.<\/p>\n<p>No caso geral, ser\u00e1 mantida a taxa de 0,325% para os pr\u00e9dios urbanos e de 0.8% para pr\u00e9dios r\u00fasticos. Por sua vez, os pr\u00e9dios dos sujeitos passivos que tenham dependentes a cargo beneficiam de uma redu\u00e7\u00e3o do imposto em fun\u00e7\u00e3o do n\u00famero de dependentes que integrem o agregado familiar, mantendo-se os valores em 20, 40 e 70 euros para fam\u00edlias com um, dois, ou mais dependentes, respetivamente.<\/p>\n<p>Ainda neste \u00e2mbito, foram aprovadas as propostas de redu\u00e7\u00e3o de 20% sobre a taxa de IMI a aplicar a pr\u00e9dios urbanos arrendados em todo o Concelho, assim como a majora\u00e7\u00e3o em 20% da taxa a aplicar a pr\u00e9dios urbanos degradados e ainda a majora\u00e7\u00e3o at\u00e9 ao dobro da taxa no caso dos pr\u00e9dios r\u00fasticos com \u00e1reas florestais que se encontrem em situa\u00e7\u00e3o de abandono.<\/p>\n<p>A aprova\u00e7\u00e3o das referidas taxas mant\u00e9m o valor do IMI cobrado no Concelho perto do m\u00ednimo permitido por lei, e cria incentivos ao mercado de arrendamento e \u00e0 reabilita\u00e7\u00e3o urbana e florestal.<\/p>\n<div class=\"fb-background-color\">\n\t\t\t  <div \n\t\t\t  \tclass = \"fb-comments\" \n\t\t\t  \tdata-href = \"https:\/\/www.entroncamentoonline.pt\/portal\/municipio-de-sardoal-aprova-imposto-sobre-imoveis-imi-para-2020-com-estimulo-ao-arrendamento\/\"\n\t\t\t  \tdata-numposts = \"10\"\n\t\t\t  \tdata-lazy = \"true\"\n\t\t\t\tdata-colorscheme = \"light\"\n\t\t\t\tdata-order-by = \"social\"\n\t\t\t\tdata-mobile=true>\n\t\t\t  <\/div><\/div>\n\t\t  <style>\n\t\t    .fb-background-color {\n\t\t\t\tbackground:  !important;\n\t\t\t}\n\t\t\t.fb_iframe_widget_fluid_desktop iframe {\n\t\t\t    width: 100% !important;\n\t\t\t}\n\t\t  <\/style>\n\t\t  ","protected":false},"excerpt":{"rendered":"<p>A C\u00e2mara Municipal de Sardoal aprovou por unanimidade, em reuni\u00e3o realizada a 4 de dezembro, a proposta do Presidente da C\u00e2mara relativa \u00e0s taxas de Imposto sobre Im\u00f3veis (IMI) para o ano de 2020. No caso geral, ser\u00e1 mantida a taxa de 0,325% para os pr\u00e9dios urbanos e de 0.8% para pr\u00e9dios r\u00fasticos. Por sua [&hellip;]<\/p>\n","protected":false},"author":1,"featured_media":0,"comment_status":"open","ping_status":"closed","sticky":false,"template":"","format":"standard","meta":{"_acf_changed":false,"footnotes":""},"categories":[51],"tags":[],"class_list":{"0":"post-14595","1":"post","2":"type-post","3":"status-publish","4":"format-standard","6":"category-breves"},"acf":[],"_links":{"self":[{"href":"https:\/\/www.entroncamentoonline.pt\/portal\/wp-json\/wp\/v2\/posts\/14595","targetHints":{"allow":["GET"]}}],"collection":[{"href":"https:\/\/www.entroncamentoonline.pt\/portal\/wp-json\/wp\/v2\/posts"}],"about":[{"href":"https:\/\/www.entroncamentoonline.pt\/portal\/wp-json\/wp\/v2\/types\/post"}],"author":[{"embeddable":true,"href":"https:\/\/www.entroncamentoonline.pt\/portal\/wp-json\/wp\/v2\/users\/1"}],"replies":[{"embeddable":true,"href":"https:\/\/www.entroncamentoonline.pt\/portal\/wp-json\/wp\/v2\/comments?post=14595"}],"version-history":[{"count":0,"href":"https:\/\/www.entroncamentoonline.pt\/portal\/wp-json\/wp\/v2\/posts\/14595\/revisions"}],"wp:attachment":[{"href":"https:\/\/www.entroncamentoonline.pt\/portal\/wp-json\/wp\/v2\/media?parent=14595"}],"wp:term":[{"taxonomy":"category","embeddable":true,"href":"https:\/\/www.entroncamentoonline.pt\/portal\/wp-json\/wp\/v2\/categories?post=14595"},{"taxonomy":"post_tag","embeddable":true,"href":"https:\/\/www.entroncamentoonline.pt\/portal\/wp-json\/wp\/v2\/tags?post=14595"}],"curies":[{"name":"wp","href":"https:\/\/api.w.org\/{rel}","templated":true}]}}