{"id":14477,"date":"2019-12-16T09:46:08","date_gmt":"2019-12-16T09:46:08","guid":{"rendered":"https:\/\/www.entroncamentoonline.pt\/portal\/?p=14477"},"modified":"2019-12-16T09:46:08","modified_gmt":"2019-12-16T09:46:08","slug":"natural-de-tomar-luis-garcia-escreve-livro-sobre-jorge-jesus-que-e-exito-no-brasil","status":"publish","type":"post","link":"https:\/\/www.entroncamentoonline.pt\/portal\/natural-de-tomar-luis-garcia-escreve-livro-sobre-jorge-jesus-que-e-exito-no-brasil\/","title":{"rendered":"Natural de Tomar | Lu\u00eds Garcia escreve livro sobre Jorge Jesus que \u00e9 \u00eaxito no Brasil"},"content":{"rendered":"<p>Lu\u00eds Garcia nasceu em Tomar, mas diz que foi na Linhaceira, em 1973, \u00e9 formador de profiss\u00e3o e define-se como um \u201cnavegador de letras impressas e faladas\u201d e \u00e9 o autor de &#8220;Jorge, amado e desamado &#8211; Est\u00f3rias do Treinador do Flamengo&#8221; que est\u00e1 a ser um sucesso no Brasil.<\/p>\n<p>A GLOBO j\u00e1 lhe fez uma entrevista em Lisboa sobre o livro que escreveu este ano sobre o Mister Jorge Jesus.<\/p>\n<p>Na sua p\u00e1gina do <a href=\"https:\/\/www.facebook.com\/luisgarcia.com.pt\/\">Facebook<\/a> \u00e9 assim que se define:<\/p>\n<p><img loading=\"lazy\" decoding=\"async\" class=\"size-full wp-image-14479 alignright\" src=\"https:\/\/www.entroncamentoonline.pt\/portal\/wp-content\/uploads\/2019\/12\/41X76-5lZ8L.jpg\" alt=\"\" width=\"318\" height=\"500\" srcset=\"https:\/\/www.entroncamentoonline.pt\/portal\/wp-content\/uploads\/2019\/12\/41X76-5lZ8L.jpg 318w, https:\/\/www.entroncamentoonline.pt\/portal\/wp-content\/uploads\/2019\/12\/41X76-5lZ8L-267x420.jpg 267w\" sizes=\"auto, (max-width: 318px) 100vw, 318px\" \/>\u201cSou um navegador de letras impressas e faladas, apreciador de verbos e substantivos e sonhador de voos rasantes gramaticais. Muito complexo, vou tentar de novo. Gosto de livros, por isso no limite diria que sou apenas um cosmonauta de f\u00e1bulas, est\u00f3rias fant\u00e1sticas do eu que se manteve crian\u00e7a!<\/p>\n<p>Sou um hacker pessoal. Eu explico melhor, um hacker no sentido em que procuro ultrapassar as barreiras do status quo, objetivo sublinhado em 1984 (curios0 n\u00e3o?) quando teclei pela primeira vez a sequ\u00eancia o meu ZX Spectrum. Inspirei-me no manual de BASIC, que se encontrava, na caixa, por baixo do meu novo computador e quando dei por mim, falava melhor linguagem m\u00e1quina do que propriamente qualquer outra.<\/p>\n<p>Sou Formador! Na verdade, sou Formador desde o s\u00e9culo passado, desde o in\u00edcio dessa louca d\u00e9cada de noventa e fa\u00e7o, desde ent\u00e3o, o que realmente gosto nas \u00e1reas de Inform\u00e1tica, Forma\u00e7\u00e3o de Formadores e Professores. Por outras palavras tenho ensinado, mas principalmente aprendido!<\/p>\n<p>Tamb\u00e9m gosto de escrever e j\u00e1 mais ou menos que o afirmei h\u00e1 pouco&#8230;. Publiquei nos g\u00e9neros de Biografia, Romance, Conto e Poesia. Por vezes n\u00e3o sei se diga obrigado, se pe\u00e7a desculpa, mas confirma-se, publiquei e por isso, de vez quando, perdido numa estante de livraria, encontro um livro que j\u00e1 foi rascunho numa sebenta&#8230; Porque come\u00e7o por a\u00ed, com a fiel BIC por comparsa de pontos e contos!<\/p>\n<p>Por vezes n\u00e3o escrevo e falo. Sim, \u00e9 verdade. Se o assunto \u00e9 tal que eu possa acrescentar algo de v\u00e1lido, porque n\u00e3o? Curiosos? Se por acaso me quiserem ouvir, de vez em quando recebo um convite simp\u00e1tico, ap\u00f3s o que, aqui e ali participo como orador em semin\u00e1rios e confer\u00eancias nas \u00e1reas de Inform\u00e1tica, Educa\u00e7\u00e3o e Escrita.<\/p>\n<p>Who am I?<\/p>\n<p>J\u00e1 vos disse que sou um navegador de letras impressas e faladas?\u201d<\/p>\n<div id=\"fb-root\"><\/div>\n<p><script async=\"1\" defer=\"1\" crossorigin=\"anonymous\" src=\"https:\/\/connect.facebook.net\/pt_PT\/sdk.js#xfbml=1&amp;version=v5.0\"><\/script><\/p>\n<div class=\"fb-video\" data-href=\"https:\/\/www.facebook.com\/luisgarcia.com.pt\/videos\/1358909074290640\/?t=74\" data-width=\"696\">\n<blockquote cite=\"https:\/\/www.facebook.com\/luisgarcia.com.pt\/videos\/1358909074290640\/\" class=\"fb-xfbml-parse-ignore\"><p><a href=\"https:\/\/www.facebook.com\/luisgarcia.com.pt\/videos\/1358909074290640\/\">TV Globo &#8211; As origens do treinador do Flamengo<\/a><\/p>\n<p>&quot;Jorge, amado e desamado&quot; em destaque na TV Globo#CRF#Flamengo#JorgeJesus#Jorgeamadoedesamado#ChiadoBooks<\/p>\n<p>Publicado por <a href=\"https:\/\/www.facebook.com\/luisgarcia.com.pt\/\">Luis Garcia<\/a> em Quinta-feira, 5 de dezembro de 2019<\/p><\/blockquote>\n<\/div>\n<div class=\"fb-background-color\">\n\t\t\t  <div \n\t\t\t  \tclass = \"fb-comments\" \n\t\t\t  \tdata-href = \"https:\/\/www.entroncamentoonline.pt\/portal\/natural-de-tomar-luis-garcia-escreve-livro-sobre-jorge-jesus-que-e-exito-no-brasil\/\"\n\t\t\t  \tdata-numposts = \"10\"\n\t\t\t  \tdata-lazy = \"true\"\n\t\t\t\tdata-colorscheme = \"light\"\n\t\t\t\tdata-order-by = \"social\"\n\t\t\t\tdata-mobile=true>\n\t\t\t  <\/div><\/div>\n\t\t  <style>\n\t\t    .fb-background-color {\n\t\t\t\tbackground:  !important;\n\t\t\t}\n\t\t\t.fb_iframe_widget_fluid_desktop iframe {\n\t\t\t    width: 100% !important;\n\t\t\t}\n\t\t  <\/style>\n\t\t  ","protected":false},"excerpt":{"rendered":"<p>Lu\u00eds Garcia nasceu em Tomar, mas diz que foi na Linhaceira, em 1973, \u00e9 formador de profiss\u00e3o e define-se como um \u201cnavegador de letras impressas e faladas\u201d e \u00e9 o autor de &#8220;Jorge, amado e desamado &#8211; Est\u00f3rias do Treinador do Flamengo&#8221; que est\u00e1 a ser um sucesso no Brasil. A GLOBO j\u00e1 lhe fez [&hellip;]<\/p>\n","protected":false},"author":1,"featured_media":14478,"comment_status":"open","ping_status":"closed","sticky":false,"template":"","format":"standard","meta":{"_acf_changed":false,"footnotes":""},"categories":[68,32,36],"tags":[],"class_list":{"0":"post-14477","1":"post","2":"type-post","3":"status-publish","4":"format-standard","5":"has-post-thumbnail","7":"category-na-boa","8":"category-noticias","9":"category-tomar"},"acf":[],"_links":{"self":[{"href":"https:\/\/www.entroncamentoonline.pt\/portal\/wp-json\/wp\/v2\/posts\/14477","targetHints":{"allow":["GET"]}}],"collection":[{"href":"https:\/\/www.entroncamentoonline.pt\/portal\/wp-json\/wp\/v2\/posts"}],"about":[{"href":"https:\/\/www.entroncamentoonline.pt\/portal\/wp-json\/wp\/v2\/types\/post"}],"author":[{"embeddable":true,"href":"https:\/\/www.entroncamentoonline.pt\/portal\/wp-json\/wp\/v2\/users\/1"}],"replies":[{"embeddable":true,"href":"https:\/\/www.entroncamentoonline.pt\/portal\/wp-json\/wp\/v2\/comments?post=14477"}],"version-history":[{"count":0,"href":"https:\/\/www.entroncamentoonline.pt\/portal\/wp-json\/wp\/v2\/posts\/14477\/revisions"}],"wp:featuredmedia":[{"embeddable":true,"href":"https:\/\/www.entroncamentoonline.pt\/portal\/wp-json\/wp\/v2\/media\/14478"}],"wp:attachment":[{"href":"https:\/\/www.entroncamentoonline.pt\/portal\/wp-json\/wp\/v2\/media?parent=14477"}],"wp:term":[{"taxonomy":"category","embeddable":true,"href":"https:\/\/www.entroncamentoonline.pt\/portal\/wp-json\/wp\/v2\/categories?post=14477"},{"taxonomy":"post_tag","embeddable":true,"href":"https:\/\/www.entroncamentoonline.pt\/portal\/wp-json\/wp\/v2\/tags?post=14477"}],"curies":[{"name":"wp","href":"https:\/\/api.w.org\/{rel}","templated":true}]}}