{"id":14374,"date":"2019-12-12T12:32:22","date_gmt":"2019-12-12T12:32:22","guid":{"rendered":"https:\/\/www.entroncamentoonline.pt\/portal\/?p=14374"},"modified":"2019-12-12T14:36:05","modified_gmt":"2019-12-12T14:36:05","slug":"entroncamento-mercado-de-natal-dinamiza-comercio-no-centro-da-cidade","status":"publish","type":"post","link":"https:\/\/www.entroncamentoonline.pt\/portal\/entroncamento-mercado-de-natal-dinamiza-comercio-no-centro-da-cidade\/","title":{"rendered":"Entroncamento | Mercado de Natal dinamiza com\u00e9rcio no centro da cidade"},"content":{"rendered":"<p>O Centro Cultural do Entroncamento recebe nos pr\u00f3ximos dias 21 e 22 de dezembro, entre as 10h30 e as 19h30, a II\u00aa edi\u00e7\u00e3o do Mercado de Natal, uma iniciativa do Munic\u00edpio do Entroncamento para dinamizar o com\u00e9rcio local no centro da cidade.<\/p>\n<p>O Mercado ter\u00e1 lugar no interior e exterior do Centro Cultural, sendo uma oportunidade de adquirir artigos diferenciadores para os seus presentes de Natal, onde n\u00e3o faltar\u00e3o diversos tipos de artesanato, vinho quente, produtos regionais e pres\u00e9pios artesanais.<\/p>\n<p>Haver\u00e1 ainda m\u00fasica, anima\u00e7\u00e3o de rua, ateliers, atividades infantis, modelagem de bal\u00f5es, pinturas faciais, insufl\u00e1vel, passeios de charrete pelo centro da cidade e a presen\u00e7a do Pai Natal com distribui\u00e7\u00e3o de guloseimas.<\/p>\n<p>Programa:<\/p>\n<p>21 e 22 DEZ | 10h30- 12h00 e 14h30 &#8211; 16h30 Passeios de charrete pelo centro da cidade (ponto de partida e chegada junto ao Centro Cultural)<\/p>\n<p>21 DEZ | 10h30 &#8211; 12h30 \u2013 Anima\u00e7\u00e3o de Rua \u201cGrupeto do Coreto\u201d \u2013 centro da cidade<\/p>\n<p>21 DEZ | 16h30 \u2013 18h00 \u2013 Anima\u00e7\u00e3o Musical \u201cZUKUTRU\u201d &#8211; no Centro Cultural<\/p>\n<p>22 DEZ | 16h30 \u2013 Pedro Dion\u00edsio &amp; Banda com Apresenta\u00e7\u00e3o do Projeto Fen\u00f3menos no Centro Cultural<\/p>\n<div class=\"fb-background-color\">\n\t\t\t  <div \n\t\t\t  \tclass = \"fb-comments\" \n\t\t\t  \tdata-href = \"https:\/\/www.entroncamentoonline.pt\/portal\/entroncamento-mercado-de-natal-dinamiza-comercio-no-centro-da-cidade\/\"\n\t\t\t  \tdata-numposts = \"10\"\n\t\t\t  \tdata-lazy = \"true\"\n\t\t\t\tdata-colorscheme = \"light\"\n\t\t\t\tdata-order-by = \"social\"\n\t\t\t\tdata-mobile=true>\n\t\t\t  <\/div><\/div>\n\t\t  <style>\n\t\t    .fb-background-color {\n\t\t\t\tbackground:  !important;\n\t\t\t}\n\t\t\t.fb_iframe_widget_fluid_desktop iframe {\n\t\t\t    width: 100% !important;\n\t\t\t}\n\t\t  <\/style>\n\t\t  ","protected":false},"excerpt":{"rendered":"<p>O Centro Cultural do Entroncamento recebe nos pr\u00f3ximos dias 21 e 22 de dezembro, entre as 10h30 e as 19h30, a II\u00aa edi\u00e7\u00e3o do Mercado de Natal, uma iniciativa do Munic\u00edpio do Entroncamento para dinamizar o com\u00e9rcio local no centro da cidade. O Mercado ter\u00e1 lugar no interior e exterior do Centro Cultural, sendo uma [&hellip;]<\/p>\n","protected":false},"author":1,"featured_media":14375,"comment_status":"open","ping_status":"closed","sticky":false,"template":"","format":"standard","meta":{"_acf_changed":false,"footnotes":""},"categories":[26,68,32],"tags":[],"class_list":{"0":"post-14374","1":"post","2":"type-post","3":"status-publish","4":"format-standard","5":"has-post-thumbnail","7":"category-entroncamento","8":"category-na-boa","9":"category-noticias"},"acf":[],"_links":{"self":[{"href":"https:\/\/www.entroncamentoonline.pt\/portal\/wp-json\/wp\/v2\/posts\/14374","targetHints":{"allow":["GET"]}}],"collection":[{"href":"https:\/\/www.entroncamentoonline.pt\/portal\/wp-json\/wp\/v2\/posts"}],"about":[{"href":"https:\/\/www.entroncamentoonline.pt\/portal\/wp-json\/wp\/v2\/types\/post"}],"author":[{"embeddable":true,"href":"https:\/\/www.entroncamentoonline.pt\/portal\/wp-json\/wp\/v2\/users\/1"}],"replies":[{"embeddable":true,"href":"https:\/\/www.entroncamentoonline.pt\/portal\/wp-json\/wp\/v2\/comments?post=14374"}],"version-history":[{"count":0,"href":"https:\/\/www.entroncamentoonline.pt\/portal\/wp-json\/wp\/v2\/posts\/14374\/revisions"}],"wp:featuredmedia":[{"embeddable":true,"href":"https:\/\/www.entroncamentoonline.pt\/portal\/wp-json\/wp\/v2\/media\/14375"}],"wp:attachment":[{"href":"https:\/\/www.entroncamentoonline.pt\/portal\/wp-json\/wp\/v2\/media?parent=14374"}],"wp:term":[{"taxonomy":"category","embeddable":true,"href":"https:\/\/www.entroncamentoonline.pt\/portal\/wp-json\/wp\/v2\/categories?post=14374"},{"taxonomy":"post_tag","embeddable":true,"href":"https:\/\/www.entroncamentoonline.pt\/portal\/wp-json\/wp\/v2\/tags?post=14374"}],"curies":[{"name":"wp","href":"https:\/\/api.w.org\/{rel}","templated":true}]}}