{"id":14333,"date":"2019-12-11T15:53:47","date_gmt":"2019-12-11T15:53:47","guid":{"rendered":"https:\/\/www.entroncamentoonline.pt\/portal\/?p=14333"},"modified":"2019-12-11T15:53:47","modified_gmt":"2019-12-11T15:53:47","slug":"gripe-ameaca-o-natal","status":"publish","type":"post","link":"https:\/\/www.entroncamentoonline.pt\/portal\/gripe-ameaca-o-natal\/","title":{"rendered":"Gripe amea\u00e7a o Natal"},"content":{"rendered":"<ul>\n<li><strong>Farm\u00e1cias fazem previs\u00e3o in\u00e9dita em Sa\u00fade P\u00fablica<\/strong><\/li>\n<li><strong>Pico da Gripe entre o Natal e segunda semana do ano novo<\/strong><strong>\u00a0<\/strong><\/li>\n<\/ul>\n<p>Este ano, o per\u00edodo de maior actividade da gripe em Portugal vai acontecer entre o Natal e a segunda semana de Janeiro. A previs\u00e3o foi hoje apresentada pelo Centro de Estudos e Avalia\u00e7\u00e3o em Sa\u00fade (CEFAR), da Associa\u00e7\u00e3o Nacional das Farm\u00e1cias.<\/p>\n<p>As farm\u00e1cias conseguem antecipar em duas semanas a fase mais severa de cont\u00e1gios, com base nos dados di\u00e1rios da dispensa de medicamentos e produtos de sa\u00fade para infec\u00e7\u00f5es respirat\u00f3rias. O in\u00edcio da fase epid\u00e9mica ocorreu h\u00e1 duas semanas, de acordo com os dados confirmados pela equipa de investigadores.<\/p>\n<p><em>\u00abEste novo instrumento tem grande valor para a Sa\u00fade P\u00fablica porque permite alertar a popula\u00e7\u00e3o para a necessidade de refor\u00e7ar os comportamentos preventivos\u00bb<\/em>, declara Nuno Rodrigues, da Associa\u00e7\u00e3o Nacional dos M\u00e9dicos de Sa\u00fade P\u00fablica, que colaborou na constru\u00e7\u00e3o do modelo. <em>\u00abPor outro lado, d\u00e1 mais tempo aos servi\u00e7os de sa\u00fade para planificarem a sua resposta\u00bb<\/em>, acrescenta o m\u00e9dico especialista em Sa\u00fade P\u00fablica.<\/p>\n<p>Em m\u00e9dia, as farm\u00e1cias recebem 520 mil portugueses por dia. <em>\u00abAs farm\u00e1cias t\u00eam todos os dias mais de meio milh\u00e3o de oportunidades de contribui\u00e7\u00e3o para a Sa\u00fade P\u00fablica, atrav\u00e9s da dispensa de medicamentos, administra\u00e7\u00e3o de vacinas e aconselhamento \u00e0 popula\u00e7\u00e3o\u00bb<\/em>, declara Ant\u00f3nio Teixeira Rodrigues, director do CEFAR. <em>\u00abO que \u00e9 novo \u00e9 que esse contacto maci\u00e7o com a popula\u00e7\u00e3o permite reunir dados estat\u00edsticos em Sa\u00fade de grande valor para a sociedade\u00bb<\/em>, considera este farmac\u00eautico.<\/p>\n<p>&nbsp;<\/p>\n<div class=\"fb-background-color\">\n\t\t\t  <div \n\t\t\t  \tclass = \"fb-comments\" \n\t\t\t  \tdata-href = \"https:\/\/www.entroncamentoonline.pt\/portal\/gripe-ameaca-o-natal\/\"\n\t\t\t  \tdata-numposts = \"10\"\n\t\t\t  \tdata-lazy = \"true\"\n\t\t\t\tdata-colorscheme = \"light\"\n\t\t\t\tdata-order-by = \"social\"\n\t\t\t\tdata-mobile=true>\n\t\t\t  <\/div><\/div>\n\t\t  <style>\n\t\t    .fb-background-color {\n\t\t\t\tbackground:  !important;\n\t\t\t}\n\t\t\t.fb_iframe_widget_fluid_desktop iframe {\n\t\t\t    width: 100% !important;\n\t\t\t}\n\t\t  <\/style>\n\t\t  ","protected":false},"excerpt":{"rendered":"<p>Farm\u00e1cias fazem previs\u00e3o in\u00e9dita em Sa\u00fade P\u00fablica Pico da Gripe entre o Natal e segunda semana do ano novo\u00a0 Este ano, o per\u00edodo de maior actividade da gripe em Portugal vai acontecer entre o Natal e a segunda semana de Janeiro. A previs\u00e3o foi hoje apresentada pelo Centro de Estudos e Avalia\u00e7\u00e3o em Sa\u00fade (CEFAR), [&hellip;]<\/p>\n","protected":false},"author":1,"featured_media":0,"comment_status":"open","ping_status":"closed","sticky":false,"template":"","format":"standard","meta":{"_acf_changed":false,"footnotes":""},"categories":[51],"tags":[],"class_list":{"0":"post-14333","1":"post","2":"type-post","3":"status-publish","4":"format-standard","6":"category-breves"},"acf":[],"_links":{"self":[{"href":"https:\/\/www.entroncamentoonline.pt\/portal\/wp-json\/wp\/v2\/posts\/14333","targetHints":{"allow":["GET"]}}],"collection":[{"href":"https:\/\/www.entroncamentoonline.pt\/portal\/wp-json\/wp\/v2\/posts"}],"about":[{"href":"https:\/\/www.entroncamentoonline.pt\/portal\/wp-json\/wp\/v2\/types\/post"}],"author":[{"embeddable":true,"href":"https:\/\/www.entroncamentoonline.pt\/portal\/wp-json\/wp\/v2\/users\/1"}],"replies":[{"embeddable":true,"href":"https:\/\/www.entroncamentoonline.pt\/portal\/wp-json\/wp\/v2\/comments?post=14333"}],"version-history":[{"count":0,"href":"https:\/\/www.entroncamentoonline.pt\/portal\/wp-json\/wp\/v2\/posts\/14333\/revisions"}],"wp:attachment":[{"href":"https:\/\/www.entroncamentoonline.pt\/portal\/wp-json\/wp\/v2\/media?parent=14333"}],"wp:term":[{"taxonomy":"category","embeddable":true,"href":"https:\/\/www.entroncamentoonline.pt\/portal\/wp-json\/wp\/v2\/categories?post=14333"},{"taxonomy":"post_tag","embeddable":true,"href":"https:\/\/www.entroncamentoonline.pt\/portal\/wp-json\/wp\/v2\/tags?post=14333"}],"curies":[{"name":"wp","href":"https:\/\/api.w.org\/{rel}","templated":true}]}}