{"id":14236,"date":"2019-12-09T15:10:53","date_gmt":"2019-12-09T15:10:53","guid":{"rendered":"https:\/\/www.entroncamentoonline.pt\/portal\/?p=14236"},"modified":"2019-12-09T15:10:53","modified_gmt":"2019-12-09T15:10:53","slug":"constancia-servico-da-seguranca-social-de-constancia-mudou-se-para-o-espaco-cidadao","status":"publish","type":"post","link":"https:\/\/www.entroncamentoonline.pt\/portal\/constancia-servico-da-seguranca-social-de-constancia-mudou-se-para-o-espaco-cidadao\/","title":{"rendered":"Const\u00e2ncia | Servi\u00e7o da Seguran\u00e7a Social de Const\u00e2ncia\u00a0mudou-se para o Espa\u00e7o Cidad\u00e3o"},"content":{"rendered":"<p>Desde o passado dia 5 de dezembro que o Servi\u00e7o da Seguran\u00e7a Social, que at\u00e9 agora funcionava no edif\u00edcio da Junta de Freguesia, j\u00e1 est\u00e1 instalado no <em>Espa\u00e7o Cidad\u00e3o<\/em> de Const\u00e2ncia, localizado na Avenida das For\u00e7as Armadas, pr\u00f3ximo do monumento a Cam\u00f5es.<\/p>\n<p>A abertura do Servi\u00e7o da Seguran\u00e7a Social neste novo espa\u00e7o visa dar continuidade \u00e0 estrat\u00e9gia de dinamiza\u00e7\u00e3o e valoriza\u00e7\u00e3o definida para o Centro Hist\u00f3rico de Const\u00e2ncia.<\/p>\n<p>Recorde-se que o <em>Espa\u00e7o Cidad\u00e3o<\/em> foi inaugurado no passado m\u00eas de junho, permitindo que Const\u00e2ncia tenha mais um servi\u00e7o de atendimento ao p\u00fablico, criando sinergia entre a Administra\u00e7\u00e3o Central e Local, no sentido da prossecu\u00e7\u00e3o de pol\u00edticas concertadas em prol do interesse p\u00fablico, dos residentes e do desenvolvimento do concelho.<\/p>\n<p>O <em>Espa\u00e7o Cidad\u00e3o<\/em>, \u00e9 um ponto de atendimento que re\u00fane servi\u00e7os de diferentes entidades, num \u00fanico balc\u00e3o. No <em>Espa\u00e7o Cidad\u00e3o<\/em> \u00e9 poss\u00edvel ter acesso a in\u00fameros servi\u00e7os da administra\u00e7\u00e3o central, local e de entidades privadas que prestam servi\u00e7os de claro interesse p\u00fablico. Nestes balc\u00f5es pode, a t\u00edtulo exemplo, tratar-se da Carta de Condu\u00e7\u00e3o, solicitar nova senha ou uma caderneta predial junto da Autoridade Tribut\u00e1ria, apresentar despesas junto da ADSE, tratar de assuntos relativos a emprego e forma\u00e7\u00e3o profissional, alterar a morada do Cart\u00e3o de Cidad\u00e3o, solicitar o Cart\u00e3o Europeu de Seguro de Doen\u00e7a ou realizar os servi\u00e7os e-fatura.<\/p>\n<p>&nbsp;<\/p>\n<div class=\"fb-background-color\">\n\t\t\t  <div \n\t\t\t  \tclass = \"fb-comments\" \n\t\t\t  \tdata-href = \"https:\/\/www.entroncamentoonline.pt\/portal\/constancia-servico-da-seguranca-social-de-constancia-mudou-se-para-o-espaco-cidadao\/\"\n\t\t\t  \tdata-numposts = \"10\"\n\t\t\t  \tdata-lazy = \"true\"\n\t\t\t\tdata-colorscheme = \"light\"\n\t\t\t\tdata-order-by = \"social\"\n\t\t\t\tdata-mobile=true>\n\t\t\t  <\/div><\/div>\n\t\t  <style>\n\t\t    .fb-background-color {\n\t\t\t\tbackground:  !important;\n\t\t\t}\n\t\t\t.fb_iframe_widget_fluid_desktop iframe {\n\t\t\t    width: 100% !important;\n\t\t\t}\n\t\t  <\/style>\n\t\t  ","protected":false},"excerpt":{"rendered":"<p>Desde o passado dia 5 de dezembro que o Servi\u00e7o da Seguran\u00e7a Social, que at\u00e9 agora funcionava no edif\u00edcio da Junta de Freguesia, j\u00e1 est\u00e1 instalado no Espa\u00e7o Cidad\u00e3o de Const\u00e2ncia, localizado na Avenida das For\u00e7as Armadas, pr\u00f3ximo do monumento a Cam\u00f5es. A abertura do Servi\u00e7o da Seguran\u00e7a Social neste novo espa\u00e7o visa dar continuidade [&hellip;]<\/p>\n","protected":false},"author":1,"featured_media":0,"comment_status":"open","ping_status":"closed","sticky":false,"template":"","format":"standard","meta":{"_acf_changed":false,"footnotes":""},"categories":[51],"tags":[],"class_list":{"0":"post-14236","1":"post","2":"type-post","3":"status-publish","4":"format-standard","6":"category-breves"},"acf":[],"_links":{"self":[{"href":"https:\/\/www.entroncamentoonline.pt\/portal\/wp-json\/wp\/v2\/posts\/14236","targetHints":{"allow":["GET"]}}],"collection":[{"href":"https:\/\/www.entroncamentoonline.pt\/portal\/wp-json\/wp\/v2\/posts"}],"about":[{"href":"https:\/\/www.entroncamentoonline.pt\/portal\/wp-json\/wp\/v2\/types\/post"}],"author":[{"embeddable":true,"href":"https:\/\/www.entroncamentoonline.pt\/portal\/wp-json\/wp\/v2\/users\/1"}],"replies":[{"embeddable":true,"href":"https:\/\/www.entroncamentoonline.pt\/portal\/wp-json\/wp\/v2\/comments?post=14236"}],"version-history":[{"count":0,"href":"https:\/\/www.entroncamentoonline.pt\/portal\/wp-json\/wp\/v2\/posts\/14236\/revisions"}],"wp:attachment":[{"href":"https:\/\/www.entroncamentoonline.pt\/portal\/wp-json\/wp\/v2\/media?parent=14236"}],"wp:term":[{"taxonomy":"category","embeddable":true,"href":"https:\/\/www.entroncamentoonline.pt\/portal\/wp-json\/wp\/v2\/categories?post=14236"},{"taxonomy":"post_tag","embeddable":true,"href":"https:\/\/www.entroncamentoonline.pt\/portal\/wp-json\/wp\/v2\/tags?post=14236"}],"curies":[{"name":"wp","href":"https:\/\/api.w.org\/{rel}","templated":true}]}}