{"id":14160,"date":"2019-12-07T08:57:34","date_gmt":"2019-12-07T08:57:34","guid":{"rendered":"https:\/\/www.entroncamentoonline.pt\/portal\/?p=14160"},"modified":"2019-12-07T08:57:34","modified_gmt":"2019-12-07T08:57:34","slug":"secretario-de-estado-da-agricultura-o-azeite-e-um-dos-produtos-que-leva-o-nome-do-nosso-pais-alem-fronteiras","status":"publish","type":"post","link":"https:\/\/www.entroncamentoonline.pt\/portal\/secretario-de-estado-da-agricultura-o-azeite-e-um-dos-produtos-que-leva-o-nome-do-nosso-pais-alem-fronteiras\/","title":{"rendered":"Secret\u00e1rio de Estado da Agricultura | \u201cO azeite \u00e9 um dos produtos que leva o nome do nosso pa\u00eds al\u00e9m-fronteiras\u201d"},"content":{"rendered":"<p>O Secret\u00e1rio de Estado da Agricultura e Desenvolvimento Rural inaugurou hoje o primeiro festival do azeite, em Pernes, Santar\u00e9m. Nuno Russo come\u00e7ou por dizer que \u201co azeite \u00e9 um dos produtos nacionais que leva o nome do nosso pa\u00eds a muitas mesas al\u00e9m-fronteiras\u201d, destacando que \u201ceste festival traduz bem o esp\u00edrito que queremos manter desperto na nossa agricultura: um esp\u00edrito empreendedor, criativo, empenhado em valorizar os produtos end\u00f3genos, aqueles que nos distinguem e projetam. Este festival, organizado na regi\u00e3o dos azeites DOP do Ribatejo, representa uma ponte perfeita entre a tradi\u00e7\u00e3o e a inova\u00e7\u00e3o\u201d.<\/p>\n<p><img loading=\"lazy\" decoding=\"async\" class=\"size-full wp-image-14163 aligncenter\" src=\"https:\/\/www.entroncamentoonline.pt\/portal\/wp-content\/uploads\/2019\/12\/WhatsApp-Image-2019-12-06-at-19.26.01-1.jpeg\" alt=\"\" width=\"612\" height=\"408\" \/><\/p>\n<p>Para Nuno Russo n\u00e3o h\u00e1 d\u00favidas de que \u201ca agricultura faz parte da resposta aos grandes desafios que definimos para os pr\u00f3ximos quatro anos de governa\u00e7\u00e3o. Ao refor\u00e7armos o car\u00e1cter sustent\u00e1vel da nossa agricultura, estamos a procurar o crescimento, estamos a trazer inova\u00e7\u00e3o, tecnologia e empreendedorismo, estamos a apostar na internacionaliza\u00e7\u00e3o do setor, estamos a valorizar a atividade agr\u00edcola, o espa\u00e7o rural e o territ\u00f3rio nacional\u201d.<\/p>\n<p>O membro do governo apela para que o pa\u00eds continue a seguir este caminho e que se promovam iniciativas como esta: \u201cs\u00f3 assim promoveremos a fixa\u00e7\u00e3o das pessoas, o seu bem-estar, a atra\u00e7\u00e3o do investimento, a cria\u00e7\u00e3o de emprego e um real progresso que todas e todos sintam realmente nas suas vidas, no seu dia a dia\u201d.<\/p>\n<p>\u201cA iniciativa local, espelhando a diversidade do nosso pa\u00eds, \u00e9 um contributo essencial e de valor inestim\u00e1vel para o desenvolvimento nacional.<\/p>\n<p>Sendo Portugal apontado como um dos pa\u00edses com mais potencial no setor do azeite, n\u00e3o poder\u00edamos hesitar nesta ambi\u00e7\u00e3o: queremos continuar a crescer e temos a certeza de que os nossos produtores est\u00e3o prontos para connosco, enfrentarem os desafios que se adivinham.\u201d, sustentou Nuno Russo, adiantando que \u00e9 \u201cpor tudo isto que defenderemos uma Pol\u00edtica Agr\u00edcola Comum (PAC) p\u00f3s 2020 mais justa e inclusiva, preocupada com a preserva\u00e7\u00e3o dos recursos naturais e que represente uma resposta concertada para a mitiga\u00e7\u00e3o e adapta\u00e7\u00e3o \u00e0s altera\u00e7\u00f5es clim\u00e1ticas\u201d.<\/p>\n<p>A agricultura \u00e9 um ve\u00edculo irrefut\u00e1vel de desenvolvimento socioecon\u00f3mico, uma pe\u00e7a obrigat\u00f3ria na desconstru\u00e7\u00e3o deste desafio clim\u00e1tico.<\/p>\n<div class=\"fb-background-color\">\n\t\t\t  <div \n\t\t\t  \tclass = \"fb-comments\" \n\t\t\t  \tdata-href = \"https:\/\/www.entroncamentoonline.pt\/portal\/secretario-de-estado-da-agricultura-o-azeite-e-um-dos-produtos-que-leva-o-nome-do-nosso-pais-alem-fronteiras\/\"\n\t\t\t  \tdata-numposts = \"10\"\n\t\t\t  \tdata-lazy = \"true\"\n\t\t\t\tdata-colorscheme = \"light\"\n\t\t\t\tdata-order-by = \"social\"\n\t\t\t\tdata-mobile=true>\n\t\t\t  <\/div><\/div>\n\t\t  <style>\n\t\t    .fb-background-color {\n\t\t\t\tbackground:  !important;\n\t\t\t}\n\t\t\t.fb_iframe_widget_fluid_desktop iframe {\n\t\t\t    width: 100% !important;\n\t\t\t}\n\t\t  <\/style>\n\t\t  ","protected":false},"excerpt":{"rendered":"<p>O Secret\u00e1rio de Estado da Agricultura e Desenvolvimento Rural inaugurou hoje o primeiro festival do azeite, em Pernes, Santar\u00e9m. Nuno Russo come\u00e7ou por dizer que \u201co azeite \u00e9 um dos produtos nacionais que leva o nome do nosso pa\u00eds a muitas mesas al\u00e9m-fronteiras\u201d, destacando que \u201ceste festival traduz bem o esp\u00edrito que queremos manter desperto [&hellip;]<\/p>\n","protected":false},"author":1,"featured_media":14165,"comment_status":"open","ping_status":"closed","sticky":false,"template":"","format":"standard","meta":{"_acf_changed":false,"footnotes":""},"categories":[71],"tags":[],"class_list":{"0":"post-14160","1":"post","2":"type-post","3":"status-publish","4":"format-standard","5":"has-post-thumbnail","7":"category-outras-noticias"},"acf":[],"_links":{"self":[{"href":"https:\/\/www.entroncamentoonline.pt\/portal\/wp-json\/wp\/v2\/posts\/14160","targetHints":{"allow":["GET"]}}],"collection":[{"href":"https:\/\/www.entroncamentoonline.pt\/portal\/wp-json\/wp\/v2\/posts"}],"about":[{"href":"https:\/\/www.entroncamentoonline.pt\/portal\/wp-json\/wp\/v2\/types\/post"}],"author":[{"embeddable":true,"href":"https:\/\/www.entroncamentoonline.pt\/portal\/wp-json\/wp\/v2\/users\/1"}],"replies":[{"embeddable":true,"href":"https:\/\/www.entroncamentoonline.pt\/portal\/wp-json\/wp\/v2\/comments?post=14160"}],"version-history":[{"count":0,"href":"https:\/\/www.entroncamentoonline.pt\/portal\/wp-json\/wp\/v2\/posts\/14160\/revisions"}],"wp:featuredmedia":[{"embeddable":true,"href":"https:\/\/www.entroncamentoonline.pt\/portal\/wp-json\/wp\/v2\/media\/14165"}],"wp:attachment":[{"href":"https:\/\/www.entroncamentoonline.pt\/portal\/wp-json\/wp\/v2\/media?parent=14160"}],"wp:term":[{"taxonomy":"category","embeddable":true,"href":"https:\/\/www.entroncamentoonline.pt\/portal\/wp-json\/wp\/v2\/categories?post=14160"},{"taxonomy":"post_tag","embeddable":true,"href":"https:\/\/www.entroncamentoonline.pt\/portal\/wp-json\/wp\/v2\/tags?post=14160"}],"curies":[{"name":"wp","href":"https:\/\/api.w.org\/{rel}","templated":true}]}}