{"id":14069,"date":"2019-12-04T15:39:44","date_gmt":"2019-12-04T15:39:44","guid":{"rendered":"https:\/\/www.entroncamentoonline.pt\/portal\/?p=14069"},"modified":"2019-12-04T15:39:44","modified_gmt":"2019-12-04T15:39:44","slug":"ctt-iniciam-obras-para-reabertura-da-loja-de-alpiarca","status":"publish","type":"post","link":"https:\/\/www.entroncamentoonline.pt\/portal\/ctt-iniciam-obras-para-reabertura-da-loja-de-alpiarca\/","title":{"rendered":"CTT iniciam obras para reabertura da loja de Alpiar\u00e7a"},"content":{"rendered":"<p>Os CTT iniciam esta ter\u00e7a-feira as obras para a reabertura da Loja CTT em Alpiar\u00e7a, distrito de Santar\u00e9m. A Loja CTT de Alpiar\u00e7a vai reabrir num novo espa\u00e7o, at\u00e9 ao final do ano.<\/p>\n<p>Esta \u00e9 a segunda Loja em sede de concelho a ser reaberta, no \u00e2mbito do compromisso p\u00fablico de reabrir Lojas \u00fanicas em sede de concelho, tendo em vista o refor\u00e7o da elevada proximidade \u00e0s popula\u00e7\u00f5es e da capilaridade da rede, n\u00e3o procedendo a novos encerramentos.<\/p>\n<p>Os CTT informam que n\u00e3o existe um cronograma definido para a reabertura das lojas CTT, dado que \u00e9 necess\u00e1ria uma an\u00e1lise detalhada a todas as vari\u00e1veis envolvidas para que se efetue a reabertura. Desde logo, o espa\u00e7o, os recursos humanos envolvidos, a rela\u00e7\u00e3o existente com os parceiros e autarquias e as oportunidades em cada uma das localidades.<\/p>\n<p>At\u00e9 ao momento da reabertura, as popula\u00e7\u00f5es t\u00eam em cada local um posto de correio que presta todos os servi\u00e7os do servi\u00e7o p\u00fablico universal e ainda o pagamento de vales de pens\u00f5es e faturas.<\/p>\n<div class=\"fb-background-color\">\n\t\t\t  <div \n\t\t\t  \tclass = \"fb-comments\" \n\t\t\t  \tdata-href = \"https:\/\/www.entroncamentoonline.pt\/portal\/ctt-iniciam-obras-para-reabertura-da-loja-de-alpiarca\/\"\n\t\t\t  \tdata-numposts = \"10\"\n\t\t\t  \tdata-lazy = \"true\"\n\t\t\t\tdata-colorscheme = \"light\"\n\t\t\t\tdata-order-by = \"social\"\n\t\t\t\tdata-mobile=true>\n\t\t\t  <\/div><\/div>\n\t\t  <style>\n\t\t    .fb-background-color {\n\t\t\t\tbackground:  !important;\n\t\t\t}\n\t\t\t.fb_iframe_widget_fluid_desktop iframe {\n\t\t\t    width: 100% !important;\n\t\t\t}\n\t\t  <\/style>\n\t\t  ","protected":false},"excerpt":{"rendered":"<p>Os CTT iniciam esta ter\u00e7a-feira as obras para a reabertura da Loja CTT em Alpiar\u00e7a, distrito de Santar\u00e9m. A Loja CTT de Alpiar\u00e7a vai reabrir num novo espa\u00e7o, at\u00e9 ao final do ano. Esta \u00e9 a segunda Loja em sede de concelho a ser reaberta, no \u00e2mbito do compromisso p\u00fablico de reabrir Lojas \u00fanicas em [&hellip;]<\/p>\n","protected":false},"author":1,"featured_media":14070,"comment_status":"open","ping_status":"closed","sticky":false,"template":"","format":"standard","meta":{"_acf_changed":false,"footnotes":""},"categories":[51],"tags":[],"class_list":{"0":"post-14069","1":"post","2":"type-post","3":"status-publish","4":"format-standard","5":"has-post-thumbnail","7":"category-breves"},"acf":[],"_links":{"self":[{"href":"https:\/\/www.entroncamentoonline.pt\/portal\/wp-json\/wp\/v2\/posts\/14069","targetHints":{"allow":["GET"]}}],"collection":[{"href":"https:\/\/www.entroncamentoonline.pt\/portal\/wp-json\/wp\/v2\/posts"}],"about":[{"href":"https:\/\/www.entroncamentoonline.pt\/portal\/wp-json\/wp\/v2\/types\/post"}],"author":[{"embeddable":true,"href":"https:\/\/www.entroncamentoonline.pt\/portal\/wp-json\/wp\/v2\/users\/1"}],"replies":[{"embeddable":true,"href":"https:\/\/www.entroncamentoonline.pt\/portal\/wp-json\/wp\/v2\/comments?post=14069"}],"version-history":[{"count":0,"href":"https:\/\/www.entroncamentoonline.pt\/portal\/wp-json\/wp\/v2\/posts\/14069\/revisions"}],"wp:featuredmedia":[{"embeddable":true,"href":"https:\/\/www.entroncamentoonline.pt\/portal\/wp-json\/wp\/v2\/media\/14070"}],"wp:attachment":[{"href":"https:\/\/www.entroncamentoonline.pt\/portal\/wp-json\/wp\/v2\/media?parent=14069"}],"wp:term":[{"taxonomy":"category","embeddable":true,"href":"https:\/\/www.entroncamentoonline.pt\/portal\/wp-json\/wp\/v2\/categories?post=14069"},{"taxonomy":"post_tag","embeddable":true,"href":"https:\/\/www.entroncamentoonline.pt\/portal\/wp-json\/wp\/v2\/tags?post=14069"}],"curies":[{"name":"wp","href":"https:\/\/api.w.org\/{rel}","templated":true}]}}