{"id":14019,"date":"2019-12-03T15:19:22","date_gmt":"2019-12-03T15:19:22","guid":{"rendered":"https:\/\/www.entroncamentoonline.pt\/portal\/?p=14019"},"modified":"2019-12-03T15:19:22","modified_gmt":"2019-12-03T15:19:22","slug":"manuel-fernandes-vicente-a-vez-dos-fenomenos-do-entroncamento","status":"publish","type":"post","link":"https:\/\/www.entroncamentoonline.pt\/portal\/manuel-fernandes-vicente-a-vez-dos-fenomenos-do-entroncamento\/","title":{"rendered":"MANUEL FERNANDES VICENTE | A vez dos fen\u00f3menos do Entroncamento"},"content":{"rendered":"<p>&nbsp;<\/p>\n<figure id=\"attachment_1176\" aria-describedby=\"caption-attachment-1176\" style=\"width: 234px\" class=\"wp-caption alignnone\"><img loading=\"lazy\" decoding=\"async\" class=\"size-full wp-image-1176\" src=\"https:\/\/www.entroncamentoonline.pt\/portal\/wp-content\/uploads\/2018\/12\/ManuelVicente.jpg\" alt=\"\" width=\"234\" height=\"228\" \/><figcaption id=\"caption-attachment-1176\" class=\"wp-caption-text\">Manuel Fernandes Vicente manuelvicente@entroncamentoonline.pt<\/figcaption><\/figure>\n<p>A apresenta\u00e7\u00e3o p\u00fablica no \u00faltimo s\u00e1bado do livro, do <em>v\u00eddeoclip<\/em> e do hino sobre os fen\u00f3menos do Entroncamento, que encheu o novo audit\u00f3rio municipal S\u00e3o Jo\u00e3o da cidade (para o qual, diga-se de passagem, se espera uma programa\u00e7\u00e3o cultural \u00e0 altura das exig\u00eancias e compat\u00edvel com a dignidade do espa\u00e7o) e teve um not\u00e1vel impacto no burgo, merece uma reflex\u00e3o s\u00e9ria por parte de toda a comunidade. Esquecendo desde j\u00e1, pela irrelev\u00e2ncia, os inef\u00e1veis argumentos elaborados com base em preconceitos e estere\u00f3tipos de todas as comiss\u00f5es liquidat\u00e1rias que sempre surgiram no Entroncamento para tentar apagar os fen\u00f3menos da mem\u00f3ria coletiva, a sess\u00e3o tripla de reapresenta\u00e7\u00e3o dos fen\u00f3menos da urbe, inventados um dia, h\u00e1 mais de 60 anos, pelo jornalista-ferrovi\u00e1rio Eduardo O. P. Brito, mostrou a sedu\u00e7\u00e3o inequ\u00edvoca que os fen\u00f3menos continuam a ter na comunidade local, como se ainda fossem um ref\u00fagio das mem\u00f3rias do tempo em que o Entroncamento era uma comunidade pequena, afetuosa e familiar\u00a0 \u0336\u00a0 e tamb\u00e9m muito longe de ser imobilista.<\/p>\n<p>Com as suas est\u00f3rias de singularidades, bizarrias e extravag\u00e2ncias, que traziam fantasias, <em>fait-divers<\/em> e at\u00e9 alguma bonomia sobre o mundo real e dif\u00edcil do antigo Estado Novo de Salazar, \u00e9 ineg\u00e1vel que os fen\u00f3menos, que, longe de serem \u201ccromos de camp\u00f3nios\u201d s\u00e3o sobretudo uma marca de cultura, que \u00e9 a nossa, tiveram um desempenho not\u00e1vel e adquiriram grande popularidade, conseguindo mesmo atravessar fronteiras, chegando sobretudo at\u00e9 aos Estados Unidos e a Fran\u00e7a.<\/p>\n<p>Mas terem sido populares e com excelentes provas p\u00fablicas, tantas que fizeram colar ao Entroncamento a imagem de \u201cterra dos fen\u00f3menos\u201d, \u00e9 uma coisa\u00a0 \u0336\u00a0\u00a0 outra, muito distinta, e que envolver\u00e1 muita intelig\u00eancia (eventualmente individual, e mais possivelmente coletiva) \u00e9 encontrar as f\u00f3rmulas para os transformar num sucesso com consequ\u00eancias reais\u00a0 \u0336 econ\u00f3micas, tur\u00edsticas, sociais, culturais e de imagem\u00a0 \u0336 \u00a0, para a comunidade local. Tudo porque, apesar desta vis\u00e3o n\u00e3o estar ao alcance de todos, a partir da marca \u201cfen\u00f3menos do Entroncamento\u201d \u00e9 poss\u00edvel obter produtos e criar eventos e festivais em grande, que criem sinergias e\u00a0 tragam visibilidade positiva para a cidade e proveitos para os seus promotores, patrocinadores e aos agentes econ\u00f3micos envolvidos.<\/p>\n<p>O que \u00e9 preciso \u00e9 transformar o bom desempenho hist\u00f3rico dos fen\u00f3menos num sucesso com as marcas contempor\u00e2neas. E os sinais do audit\u00f3rio S\u00e3o Jo\u00e3o repleto do \u00faltimo s\u00e1bado trazem algum otimismo sobre a mat\u00e9ria. E porqu\u00ea? Porque qualquer coisa pode ter laivos de elevada qualidade e at\u00e9 ser um fil\u00e3o de excel\u00eancia, mas se n\u00e3o houver uma rede social a apoi\u00e1-la na sua retaguarda e a perceber que essa coisa pode ser \u00fatil e ter interesse para a comunidade, nunca haver\u00e1 sucesso para os produtos que se vierem a criar. \u00c9 a evid\u00eancia de um interesse coletivo que poder\u00e1 permitir transformar o manto da fama e da popularidade de um produto (que os fen\u00f3menos locais t\u00eam) num caso de \u00eaxito e com consequ\u00eancias felizes.<\/p>\n<p>Mas, se o interesse manifesto de uma comunidade por algo de genuinamente seu \u00e9 uma condi\u00e7\u00e3o essencial e necess\u00e1ria para a sua prosperidade, a verdade \u00e9 que \u00e9 preciso algo mais para se chegar mais longe. Sobretudo muito talento, alguma imagina\u00e7\u00e3o e a capacidade persistente de desvendar e encontrar produtos originais\u00a0 \u0336\u00a0 tang\u00edveis e intang\u00edveis\u00a0 \u0336\u00a0 e verdadeiramente surpreendentes a que muita gente queira aderir. E aqui h\u00e1 de haver uma intelig\u00eancia coletiva a desbravar caminhos, apesar de alguns parecerem mais ou menos \u00f3bvios.<\/p>\n<p>E, neste contexto, parecem ser promissores os rumos reservados para as nossas singularidades. O que se passou no s\u00e1bado sobre o palco do S\u00e3o Jo\u00e3o mostrou essas condi\u00e7\u00f5es. H\u00e1 bastante talento (porque os fen\u00f3menos tamb\u00e9m podem, e devem, ser entendidos como excel\u00eancias) e ader\u00eancia das pessoas. Partindo do livro, que aborda de forma sistem\u00e1tica o contexto hist\u00f3rico e a narrativa mais anal\u00edtica dos fen\u00f3menos, n\u00e3o descurando a magia lend\u00e1ria que h\u00e1 neles, at\u00e9 ao excelente <em>v\u00eddeoclip<\/em> e \u00e0 can\u00e7\u00e3o-hino (que se come\u00e7a a trautear logo \u00e0 primeira audi\u00e7\u00e3o, <em>Estranhos, Bizarros e Gigantes<\/em>\u201d, reveladores da reconhecida voca\u00e7\u00e3o musical de Pedro Dyonysyo e dos seus pares, passando pelas muitas pessoas e institui\u00e7\u00f5es que se envolveram, e ao compromisso do executivo municipal, atrav\u00e9s do presidente Jorge Faria, em os apoiar institucionalmente (e espera-se que com algo mais), os fen\u00f3menos, depois da era das ch\u00e1venas de lou\u00e7a e dos copos estampados, entrem pelo menos nas gera\u00e7\u00f5es <em>2.0<\/em> ou <em>3.0<\/em>. E h\u00e1 muito talento local para os concretizar j\u00e1, e no futuro\u00a0 \u0336\u00a0 como, por uma sugestiva circunst\u00e2ncia, seria poss\u00edvel verificar na atribui\u00e7\u00e3o das muitas dezenas de pr\u00e9mios de m\u00e9rito, excel\u00eancia e valor aos alunos do Agrupamento de Escolas Cidade do Entroncamento. Tamb\u00e9m eles s\u00e3o, \u00e0 sua maneira, fen\u00f3menos, e garantem que talento local n\u00e3o faltar\u00e1.<\/p>\n<p>Se \u00e9 verdade que a dimens\u00e3o comunit\u00e1ria dos fen\u00f3menos \u00e9 fundamental, \u00e9 tamb\u00e9m justo destacar o papel de dinamiza\u00e7\u00e3o e de catalisador extraordin\u00e1rio de Paula Carloto de Castro, uma for\u00e7a da natureza\u00a0 \u0336 \u00a0do tipo ou \u00e9 ou \u00e9\u00a0 \u0336\u00a0 que, com o ADN herdado do pai Ant\u00f3nio Carloto, os olha como uma miss\u00e3o e tem a rara capacidade de criar \u00e0 sua volta um ambiente de ader\u00eancia e de envolvimento inconceb\u00edveis, mas necess\u00e1rios.<\/p>\n<p>&nbsp;<\/p>\n<p>&nbsp;<\/p>\n<div class=\"fb-background-color\">\n\t\t\t  <div \n\t\t\t  \tclass = \"fb-comments\" \n\t\t\t  \tdata-href = \"https:\/\/www.entroncamentoonline.pt\/portal\/manuel-fernandes-vicente-a-vez-dos-fenomenos-do-entroncamento\/\"\n\t\t\t  \tdata-numposts = \"10\"\n\t\t\t  \tdata-lazy = \"true\"\n\t\t\t\tdata-colorscheme = \"light\"\n\t\t\t\tdata-order-by = \"social\"\n\t\t\t\tdata-mobile=true>\n\t\t\t  <\/div><\/div>\n\t\t  <style>\n\t\t    .fb-background-color {\n\t\t\t\tbackground:  !important;\n\t\t\t}\n\t\t\t.fb_iframe_widget_fluid_desktop iframe {\n\t\t\t    width: 100% !important;\n\t\t\t}\n\t\t  <\/style>\n\t\t  ","protected":false},"excerpt":{"rendered":"<p>&nbsp; A apresenta\u00e7\u00e3o p\u00fablica no \u00faltimo s\u00e1bado do livro, do v\u00eddeoclip e do hino sobre os fen\u00f3menos do Entroncamento, que encheu o novo audit\u00f3rio municipal S\u00e3o Jo\u00e3o da cidade (para o qual, diga-se de passagem, se espera uma programa\u00e7\u00e3o cultural \u00e0 altura das exig\u00eancias e compat\u00edvel com a dignidade do espa\u00e7o) e teve um not\u00e1vel [&hellip;]<\/p>\n","protected":false},"author":21,"featured_media":0,"comment_status":"open","ping_status":"closed","sticky":false,"template":"","format":"standard","meta":{"_acf_changed":false,"footnotes":""},"categories":[55,66],"tags":[],"class_list":{"0":"post-14019","1":"post","2":"type-post","3":"status-publish","4":"format-standard","6":"category-cronica","7":"category-manuel-fernandes-vicente"},"acf":[],"_links":{"self":[{"href":"https:\/\/www.entroncamentoonline.pt\/portal\/wp-json\/wp\/v2\/posts\/14019","targetHints":{"allow":["GET"]}}],"collection":[{"href":"https:\/\/www.entroncamentoonline.pt\/portal\/wp-json\/wp\/v2\/posts"}],"about":[{"href":"https:\/\/www.entroncamentoonline.pt\/portal\/wp-json\/wp\/v2\/types\/post"}],"author":[{"embeddable":true,"href":"https:\/\/www.entroncamentoonline.pt\/portal\/wp-json\/wp\/v2\/users\/21"}],"replies":[{"embeddable":true,"href":"https:\/\/www.entroncamentoonline.pt\/portal\/wp-json\/wp\/v2\/comments?post=14019"}],"version-history":[{"count":0,"href":"https:\/\/www.entroncamentoonline.pt\/portal\/wp-json\/wp\/v2\/posts\/14019\/revisions"}],"wp:attachment":[{"href":"https:\/\/www.entroncamentoonline.pt\/portal\/wp-json\/wp\/v2\/media?parent=14019"}],"wp:term":[{"taxonomy":"category","embeddable":true,"href":"https:\/\/www.entroncamentoonline.pt\/portal\/wp-json\/wp\/v2\/categories?post=14019"},{"taxonomy":"post_tag","embeddable":true,"href":"https:\/\/www.entroncamentoonline.pt\/portal\/wp-json\/wp\/v2\/tags?post=14019"}],"curies":[{"name":"wp","href":"https:\/\/api.w.org\/{rel}","templated":true}]}}