{"id":13785,"date":"2019-11-26T11:25:36","date_gmt":"2019-11-26T11:25:36","guid":{"rendered":"https:\/\/www.entroncamentoonline.pt\/portal\/?p=13785"},"modified":"2019-11-28T11:08:35","modified_gmt":"2019-11-28T11:08:35","slug":"entroncamento-assembleia-municipal-reune-esta-quarta-feira-em-sessao-ordinaria","status":"publish","type":"post","link":"https:\/\/www.entroncamentoonline.pt\/portal\/entroncamento-assembleia-municipal-reune-esta-quarta-feira-em-sessao-ordinaria\/","title":{"rendered":"Entroncamento | Assembleia Municipal re\u00fane esta quarta-feira em Sess\u00e3o Ordin\u00e1ria"},"content":{"rendered":"<p>A Assembleia Municipal do Entroncamento re\u00fane esta quarta-feira, dia 27 de novembro, pelas 21 horas, em Sess\u00e3o Ordin\u00e1ria, no Sal\u00e3o Nobre dos Pa\u00e7os do Concelho, com transmiss\u00e3o direta aqui no EOLtv.<\/p>\n<p>A ordem dos trabalhos \u00e9 a seguinte:<\/p>\n<ol>\n<li>Aprecia\u00e7\u00e3o da Informa\u00e7\u00e3o do Presidente da C\u00e2mara Municipal Acerca da Atividade do Munic\u00edpio, ao abrigo do disposto no art.\u00ba 25\u00ba, da Lei n.\u00ba 75\/2013 de 12 de setembro.<\/li>\n<li>Proposta de Regulamento de Exerc\u00edcio de Com\u00e9rcio N\u00e3o Sedent\u00e1rio a Retalho e Grossista e Venda Ambulante, ao abrigo do disposto no art.\u00ba 25\u00ba, da Lei n.\u00ba 75\/2013 de 12 de setembro.<\/li>\n<li>Proposta de Altera\u00e7\u00e3o do Regulamento de Organiza\u00e7\u00e3o dos Servi\u00e7os do Munic\u00edpio do Entroncamento e Mapa de Pessoal para o ano de 2020, ao abrigo do disposto no art.\u00ba 25\u00ba, da Lei n.\u00ba 75\/2013 de 12 de setembro.<\/li>\n<li>Proposta de Atualiza\u00e7\u00e3o da Tabela de Taxas e Licen\u00e7as N\u00e3o Urban\u00edsticas para 2020, ao abrigo do disposto no art.\u00ba 25\u00ba, da Lei n.\u00ba 75\/2013 de 12 de setembro.\u2014\u2014\u2014\u2014<\/li>\n<li>Proposta para Atualiza\u00e7\u00e3o da Tabela de Taxas Urban\u00edsticas para o Ano de 2020, ao abrigo do disposto no art.\u00ba 25\u00ba, da Lei n.\u00ba 75\/2013 de 12 de setembro.<\/li>\n<li>Participa\u00e7\u00e3o Vari\u00e1vel do IRS a liquidar em 2020, ao abrigo do disposto no art.\u00ba 25\u00ba, da Lei n.\u00ba 75\/2013 de 12 de setembro.\u2014\u2014\u2014\u2014\u2014\u2014\u2014\u2014\u2014\u2014\u2014\u2014\u2014\u2014\u2014\u2014\u2014\u2014\u2014\u2014-<\/li>\n<li>Taxa de IMI respeitante ao ano de 2019 a liquidar em 2020, ao abrigo do disposto no art.\u00ba 25\u00ba, da Lei n.\u00ba 75\/2013 de 12 de setembro.\u2014\u2014\u2014\u2014\u2014\u2014\u2014\u2014\u2014\u2014\u2014\u2014\u2014\u2014\u2014-<\/li>\n<li>Lan\u00e7amento da Taxa de Derrama \u2013 Cobran\u00e7a em 2020 relativa ao per\u00edodo de 2019, ao abrigo do disposto no art.\u00ba 25\u00ba, da Lei n.\u00ba 75\/2013 de 12 de setembro.\u2014\u2014\u2014\u2014<\/li>\n<li>Or\u00e7amento 2020 e GOP 2020-2023 \u2013 Mapas de Pessoal e Op\u00e7\u00e3o Gestion\u00e1ria 2020, ao abrigo do disposto no art.\u00ba 25\u00ba, da Lei n.\u00ba 75\/2013 de 12 de setembro.\u2014\u2014\u2014\u2014\u2014\u2014-<\/li>\n<li>Empr\u00e9stimo de Curto Prazo \u2013 Ano 2020, ao abrigo do disposto no art.\u00ba 25\u00ba, da Lei n.\u00ba 75\/2013 de 12 de setembro.<\/li>\n<\/ol>\n<p>&nbsp;<\/p>\n<p><iframe loading=\"lazy\" title=\"Assembleia Municipal do Entroncamento\" width=\"696\" height=\"392\" src=\"https:\/\/www.youtube.com\/embed\/VUMU1FV7IpY?feature=oembed\" frameborder=\"0\" allow=\"accelerometer; autoplay; encrypted-media; gyroscope; picture-in-picture\" allowfullscreen><\/iframe><\/p>\n<p>&nbsp;<\/p>\n<div class=\"fb-background-color\">\n\t\t\t  <div \n\t\t\t  \tclass = \"fb-comments\" \n\t\t\t  \tdata-href = \"https:\/\/www.entroncamentoonline.pt\/portal\/entroncamento-assembleia-municipal-reune-esta-quarta-feira-em-sessao-ordinaria\/\"\n\t\t\t  \tdata-numposts = \"10\"\n\t\t\t  \tdata-lazy = \"true\"\n\t\t\t\tdata-colorscheme = \"light\"\n\t\t\t\tdata-order-by = \"social\"\n\t\t\t\tdata-mobile=true>\n\t\t\t  <\/div><\/div>\n\t\t  <style>\n\t\t    .fb-background-color {\n\t\t\t\tbackground:  !important;\n\t\t\t}\n\t\t\t.fb_iframe_widget_fluid_desktop iframe {\n\t\t\t    width: 100% !important;\n\t\t\t}\n\t\t  <\/style>\n\t\t  ","protected":false},"excerpt":{"rendered":"<p>A Assembleia Municipal do Entroncamento re\u00fane esta quarta-feira, dia 27 de novembro, pelas 21 horas, em Sess\u00e3o Ordin\u00e1ria, no Sal\u00e3o Nobre dos Pa\u00e7os do Concelho, com transmiss\u00e3o direta aqui no EOLtv. A ordem dos trabalhos \u00e9 a seguinte: Aprecia\u00e7\u00e3o da Informa\u00e7\u00e3o do Presidente da C\u00e2mara Municipal Acerca da Atividade do Munic\u00edpio, ao abrigo do disposto [&hellip;]<\/p>\n","protected":false},"author":1,"featured_media":13787,"comment_status":"open","ping_status":"closed","sticky":false,"template":"","format":"standard","meta":{"_acf_changed":false,"footnotes":""},"categories":[1],"tags":[],"class_list":{"0":"post-13785","1":"post","2":"type-post","3":"status-publish","4":"format-standard","5":"has-post-thumbnail","7":"category-sem-categoria"},"acf":[],"_links":{"self":[{"href":"https:\/\/www.entroncamentoonline.pt\/portal\/wp-json\/wp\/v2\/posts\/13785","targetHints":{"allow":["GET"]}}],"collection":[{"href":"https:\/\/www.entroncamentoonline.pt\/portal\/wp-json\/wp\/v2\/posts"}],"about":[{"href":"https:\/\/www.entroncamentoonline.pt\/portal\/wp-json\/wp\/v2\/types\/post"}],"author":[{"embeddable":true,"href":"https:\/\/www.entroncamentoonline.pt\/portal\/wp-json\/wp\/v2\/users\/1"}],"replies":[{"embeddable":true,"href":"https:\/\/www.entroncamentoonline.pt\/portal\/wp-json\/wp\/v2\/comments?post=13785"}],"version-history":[{"count":0,"href":"https:\/\/www.entroncamentoonline.pt\/portal\/wp-json\/wp\/v2\/posts\/13785\/revisions"}],"wp:featuredmedia":[{"embeddable":true,"href":"https:\/\/www.entroncamentoonline.pt\/portal\/wp-json\/wp\/v2\/media\/13787"}],"wp:attachment":[{"href":"https:\/\/www.entroncamentoonline.pt\/portal\/wp-json\/wp\/v2\/media?parent=13785"}],"wp:term":[{"taxonomy":"category","embeddable":true,"href":"https:\/\/www.entroncamentoonline.pt\/portal\/wp-json\/wp\/v2\/categories?post=13785"},{"taxonomy":"post_tag","embeddable":true,"href":"https:\/\/www.entroncamentoonline.pt\/portal\/wp-json\/wp\/v2\/tags?post=13785"}],"curies":[{"name":"wp","href":"https:\/\/api.w.org\/{rel}","templated":true}]}}