{"id":13530,"date":"2019-11-20T15:44:29","date_gmt":"2019-11-20T15:44:29","guid":{"rendered":"https:\/\/www.entroncamentoonline.pt\/portal\/?p=13530"},"modified":"2019-11-20T15:44:29","modified_gmt":"2019-11-20T15:44:29","slug":"exposicoes-de-repteis-e-animais-exoticos-na-avisan-2019","status":"publish","type":"post","link":"https:\/\/www.entroncamentoonline.pt\/portal\/exposicoes-de-repteis-e-animais-exoticos-na-avisan-2019\/","title":{"rendered":"Exposi\u00e7\u00f5es de R\u00e9pteis e Animais Ex\u00f3ticos\u00a0na Avisan 2019"},"content":{"rendered":"<p>A Avisan 2019 \u2013 Exposi\u00e7\u00e3o Nacional de Aves, Animais de Companhia, Equipamentos e Acess\u00f3rios, certame que decorre entre os dias 29 de novembro e 01 de dezembro, no Centro Nacional de Exposi\u00e7\u00f5es, em Santar\u00e9m, recebe Exposi\u00e7\u00f5es de R\u00e9pteis e de Animais Ex\u00f3ticos.<\/p>\n<p>Ao longo de tr\u00eas dias os visitantes poder\u00e3o apreciar v\u00e1rias exibi\u00e7\u00f5es de r\u00e9pteis que contar\u00e3o com diversos exemplares como cobras, iguanas, tar\u00e2ntulas, entre outros. Esta exposi\u00e7\u00e3o tem como objetivo mostrar ao p\u00fablico em geral que estas esp\u00e9cies s\u00e3o aut\u00eanticos animais de companhia e que ocupam uma posi\u00e7\u00e3o fulcral no ecossistema.<\/p>\n<p>O p\u00fablico tamb\u00e9m poder\u00e1 deliciar-se e ver \u201cao vivo\u201d v\u00e1rios animais ex\u00f3ticos. Com esta mostra, a organiza\u00e7\u00e3o tem como intuito\u00a0 demonstrar a import\u00e2ncia destes seres vivos no meio ambiente e respetivos habitats, al\u00e9m de permitir ao p\u00fablico um maior conhecimento sobre a natureza.<\/p>\n<p><strong>EXPOSI\u00c7\u00c3O COMERCIAL<\/strong><strong>\u00a0<\/strong><\/p>\n<p>A mostra comercial de Equipamentos e Acess\u00f3rios, as exposi\u00e7\u00f5es de aves, os animais dom\u00e9sticos e ex\u00f3ticos, os r\u00e9pteis, os peixes, os gatos, os c\u00e3es e as diversas iniciativas que aqui decorrem permitir\u00e3o, decerto, atrair os profissionais do sector al\u00e9m do p\u00fablico em geral. Durante tr\u00eas dias, todos estes companheiros de 4 e mais patas, com as suas cores m\u00faltiplas ou formas exc\u00eantricas, ir\u00e3o deliciar todos aqueles que visitarem o evento.<\/p>\n<p><strong>20\u00aa EXPOSI\u00c7\u00c3O CANINA INTERNACIONAL E 26\u00aa EXPOSI\u00c7\u00c3O CANINA NACIONAL<\/strong><\/p>\n<p>A 26\u00aa Exposi\u00e7\u00e3o Canina Nacional de Santar\u00e9m\u00a0e a 20\u00aa Exposi\u00e7\u00e3o Canina Internacional de Santar\u00e9m\u00a0decorrem a 30 de novembro e a 01 de dezembro, respetivamente.<strong>\u00a0<\/strong><\/p>\n<p>Estas iniciativas\u00a0que contam com a colabora\u00e7\u00e3o do Clube Portugu\u00eas de Canicultura, t\u00eam como objetivo premiar os melhores exemplares que ser\u00e3o divididos em grupos de acordo com as suas ra\u00e7as e s\u00e3o regidas pelos regulamentos da F\u00e9d\u00e9ration Cynologique Internationale (FCI) e do Clube Portugu\u00eas de Canicultura, abertas aos exemplares de todas as ra\u00e7as e variedades oficialmente reconhecidas, registados em Livros de Origens ou com Registos Iniciais emitidos por organismos reconhecidos pela FCI.<\/p>\n<p>Para al\u00e9m do t\u00edtulo \u201cBest in Show\u201d v\u00e3o ainda disputar-se os pr\u00e9mios para \u201cJovem Promessa Macho\u201d, \u201cJovem Promessa F\u00eamea\u201d, \u201cMelhor Par\u201d \u201cMelhor Grupo de Criador\u201d \u201cMelhor Veterano\u201d, \u201cMelhor Reprodutor, \u201cMelhor Beb\u00e9\u201d, \u201cMelhor Cachorro\u201d e \u201cMelhor Exemplar das Ra\u00e7as Portuguesas\u201d. Durante a Exposi\u00e7\u00e3o Canina Internacional ser\u00e1 ainda premiado o \u201cMelhor Jovem Apresentador\u201d.<\/p>\n<p><strong>9\u00aa EXPOSI\u00c7\u00c3O INTERNACIONAL DE GATOS DE SANTAR\u00c9M<\/strong><strong> \u00a0<\/strong><\/p>\n<p>A 8\u00aa Exposi\u00e7\u00e3o Internacional de Gatos de Santar\u00e9m realiza-se a 30 de novembro e 01 de dezembro e \u00e9 organizada pelo Clube Portugu\u00eas de Felinicultura, \u00fanico \u00f3rg\u00e3o reconhecido oficialmente em Portugal, detentor do Livro de Origens Portugu\u00eas e membro da Federa\u00e7\u00e3o Internacional Felina \u2013 FIFe, maior \u00f3rg\u00e3o Felino a n\u00edvel mundial.<\/p>\n<p>Nesta exposi\u00e7\u00e3o estar\u00e3o presentes cerca de duas centenas exemplares vindos de diversos pa\u00edses como Portugal, Espanha, Fran\u00e7a e It\u00e1lia. O p\u00fablico ter\u00e1 ocasi\u00e3o de apreciar ra\u00e7as de gatos como Persas, Ex\u00f3ticos, Bosques da Noruega, Maine Coon, Sagrados da Birm\u00e2nia, Europeus, Abiss\u00ednios, British, Chartreux, Azul Russo, Somali, Bengal, Siameses, Orientais, etc. Estes exemplares ser\u00e3o julgados por ju\u00edzes internacionais vindos expressamente para esse efeito.<strong>\u00a0<\/strong><\/p>\n<p><strong>PROGRAMA<\/strong><\/p>\n<p>Com a presen\u00e7a de criadores nacionais e internacionais, a Avisan \u00e9 um ponto de encontro de milhares de visitantes e contar\u00e1 com uma programa\u00e7\u00e3o diversificada para que este evento seja atrativo e representativo do sector.<\/p>\n<ul>\n<li>Shows mistos de Araras, Aves de Rapina e R\u00e9pteis (29 de novembro a 1 de dezembro &#8211; Org. Aquashow)<\/li>\n<li>Shows de Araras &#8211; (29 de novembro a 1 de dezembro &#8211; Org. FBA)<\/li>\n<li>9\u00aa ExpoAlcac &#8211; 5\u00ba Concurso \/ Exposi\u00e7\u00e3o de Galinhas de (29 de novembro a 1 de dezembro \u2013 Org. Associa\u00e7\u00e3o Lusa de Criadores de Aves de Capoeira)<\/li>\n<li>4\u00aa Exposi\u00e7\u00e3o de Columbicultura\/Pombos de Fantasia (29 novembro a 1 dezembro \u2013 Org. Associa\u00e7\u00e3o Portuguesa de Columbicultura)<\/li>\n<li>Demonstra\u00e7\u00e3o de Meios Cinot\u00e9cnicos da GNR (30 novembro e 1 dezembro \u2013 Org. GNR)<\/li>\n<li>18\u00aa Exposi\u00e7\u00e3o Nacional do Gloster &#8211; (30 novembro e 1 dezembro &#8211; Org. Gloster Clube de Portugal)<\/li>\n<li>13\u00ba Show do Periquito Ondulado (30 novembro e 1 dezembro &#8211;\u00a0 Org. Sociedade Portuguesa do Ondulado)<\/li>\n<li>9\u00aa Exposi\u00e7\u00e3o Internacional de Gatos de Santar\u00e9m (30 novembro e 1 dezembro \u2013 Org. Clube Portugu\u00eas de Felinicultura)<\/li>\n<li>52\u00ba Concurso Nacional de Porquinhos-da-\u00cdndia (30 novembro &#8211; Org. CAPI \u2013 Clube dos Amigos dos Porquinhos da \u00cdndia)<\/li>\n<li>26\u00aa Exposi\u00e7\u00e3o Canina Nacional de Santar\u00e9m (30 novembro \u2013 Org. Clube Portugu\u00eas de Canicultura)<\/li>\n<\/ul>\n<p>Durante tr\u00eas dias, a Avisan n\u00e3o deixar\u00e1 de cativar todos os que se interessam por este mercado. A mostra comercial, os milhares de aves de pequeno e grande porte, os r\u00e9pteis, os c\u00e3es e gatos de diversas ra\u00e7as, os peixes de v\u00e1rias esp\u00e9cies e outros animais de companhia s\u00e3o a certeza de um tempo bem passado na companhia de muitos amigos. Este certame \u00e9 o local ideal para a apresenta\u00e7\u00e3o de ideias inovadoras, novos produtos e de v\u00e1rios servi\u00e7os relacionados com este mercado junto de potenciais clientes com o intuito de concretizar bons neg\u00f3cios.<strong>\u00a0<\/strong><\/p>\n<p><strong>HOR\u00c1RIOS<br \/>\n<\/strong>Todos os dias: 10h00 \u00e0s 20h00<strong>\u00a0<\/strong><\/p>\n<p><strong>ENTRADAS<\/strong><br \/>\nBilhete: 4,00 \u20ac (V\u00e1lido para apenas uma entrada)<br \/>\nEntrada gratuita para crian\u00e7as at\u00e9 aos 11 anos<\/p>\n<p><strong>BILHETEIRA ONLINE:\u00a0<\/strong><a href=\"https:\/\/www.ticket.cnema.pt\/WTCNEMA\/main.do\">https:\/\/www.ticket.cnema.pt\/WTCNEMA\/main.do<\/a><\/p>\n<p><strong>PARQUE DE ESTACIONAMENTO:<\/strong>\u00a0Gratuito<\/p>\n<p><strong>NOTA:<\/strong>\u00a0N\u00e3o \u00e9 permitida a Entrada de Animais Extra &#8211; Concursos<\/p>\n<p>&nbsp;<\/p>\n<div class=\"fb-background-color\">\n\t\t\t  <div \n\t\t\t  \tclass = \"fb-comments\" \n\t\t\t  \tdata-href = \"https:\/\/www.entroncamentoonline.pt\/portal\/exposicoes-de-repteis-e-animais-exoticos-na-avisan-2019\/\"\n\t\t\t  \tdata-numposts = \"10\"\n\t\t\t  \tdata-lazy = \"true\"\n\t\t\t\tdata-colorscheme = \"light\"\n\t\t\t\tdata-order-by = \"social\"\n\t\t\t\tdata-mobile=true>\n\t\t\t  <\/div><\/div>\n\t\t  <style>\n\t\t    .fb-background-color {\n\t\t\t\tbackground:  !important;\n\t\t\t}\n\t\t\t.fb_iframe_widget_fluid_desktop iframe {\n\t\t\t    width: 100% !important;\n\t\t\t}\n\t\t  <\/style>\n\t\t  ","protected":false},"excerpt":{"rendered":"<p>A Avisan 2019 \u2013 Exposi\u00e7\u00e3o Nacional de Aves, Animais de Companhia, Equipamentos e Acess\u00f3rios, certame que decorre entre os dias 29 de novembro e 01 de dezembro, no Centro Nacional de Exposi\u00e7\u00f5es, em Santar\u00e9m, recebe Exposi\u00e7\u00f5es de R\u00e9pteis e de Animais Ex\u00f3ticos. Ao longo de tr\u00eas dias os visitantes poder\u00e3o apreciar v\u00e1rias exibi\u00e7\u00f5es de r\u00e9pteis [&hellip;]<\/p>\n","protected":false},"author":1,"featured_media":13531,"comment_status":"open","ping_status":"closed","sticky":false,"template":"","format":"standard","meta":{"_acf_changed":false,"footnotes":""},"categories":[71],"tags":[],"class_list":{"0":"post-13530","1":"post","2":"type-post","3":"status-publish","4":"format-standard","5":"has-post-thumbnail","7":"category-outras-noticias"},"acf":[],"_links":{"self":[{"href":"https:\/\/www.entroncamentoonline.pt\/portal\/wp-json\/wp\/v2\/posts\/13530","targetHints":{"allow":["GET"]}}],"collection":[{"href":"https:\/\/www.entroncamentoonline.pt\/portal\/wp-json\/wp\/v2\/posts"}],"about":[{"href":"https:\/\/www.entroncamentoonline.pt\/portal\/wp-json\/wp\/v2\/types\/post"}],"author":[{"embeddable":true,"href":"https:\/\/www.entroncamentoonline.pt\/portal\/wp-json\/wp\/v2\/users\/1"}],"replies":[{"embeddable":true,"href":"https:\/\/www.entroncamentoonline.pt\/portal\/wp-json\/wp\/v2\/comments?post=13530"}],"version-history":[{"count":0,"href":"https:\/\/www.entroncamentoonline.pt\/portal\/wp-json\/wp\/v2\/posts\/13530\/revisions"}],"wp:featuredmedia":[{"embeddable":true,"href":"https:\/\/www.entroncamentoonline.pt\/portal\/wp-json\/wp\/v2\/media\/13531"}],"wp:attachment":[{"href":"https:\/\/www.entroncamentoonline.pt\/portal\/wp-json\/wp\/v2\/media?parent=13530"}],"wp:term":[{"taxonomy":"category","embeddable":true,"href":"https:\/\/www.entroncamentoonline.pt\/portal\/wp-json\/wp\/v2\/categories?post=13530"},{"taxonomy":"post_tag","embeddable":true,"href":"https:\/\/www.entroncamentoonline.pt\/portal\/wp-json\/wp\/v2\/tags?post=13530"}],"curies":[{"name":"wp","href":"https:\/\/api.w.org\/{rel}","templated":true}]}}