{"id":13250,"date":"2019-11-13T22:46:33","date_gmt":"2019-11-13T22:46:33","guid":{"rendered":"https:\/\/www.entroncamentoonline.pt\/portal\/?p=13250"},"modified":"2019-11-15T22:42:07","modified_gmt":"2019-11-15T22:42:07","slug":"entroncamento-comemoracao-do-dia-mundial-da-diabetes-com-rastreios-em-varios-pontos-da-cidade","status":"publish","type":"post","link":"https:\/\/www.entroncamentoonline.pt\/portal\/entroncamento-comemoracao-do-dia-mundial-da-diabetes-com-rastreios-em-varios-pontos-da-cidade\/","title":{"rendered":"Entroncamento | Comemora\u00e7\u00e3o do Dia Mundial da Diabetes com rastreios em v\u00e1rios pontos da cidade"},"content":{"rendered":"<p>No \u00e2mbito das Comemora\u00e7\u00f5es do Dia Mundial da Diabetes, que se se celebra a 14 de novembro, o Munic\u00edpio do Entroncamento associa-se \u00e0 Unidade de Cuidados na Comunidade de Almourol, na organiza\u00e7\u00e3o de rastreios a realizar por profissionais desta Unidade, em v\u00e1rios locais p\u00fablicos, culminando com uma sess\u00e3o de esclarecimento.<\/p>\n<p>Os profissionais de sa\u00fade v\u00e3o assim realizar rastreios, na C\u00e2mara Municipal, Juntas de Freguesia, Biblioteca Municipal, Lares de Idosos, Associa\u00e7\u00e3o Humanit\u00e1ria dos Bombeiros Volunt\u00e1rios, PSP, Centro de Conv\u00edvio da Terceira Idade e para a popula\u00e7\u00e3o em geral o rastreio decorre entre as 14h30 e as 18h00 no Centro Cultural.<\/p>\n<p>A partir das 18h00 decorre uma sess\u00e3o informativa, sobre o Projeto GOSTO, que visa apoiar as pessoas com o risco de vir a ter diabetes. A sess\u00e3o \u00e9 dirigida \u00e0 popula\u00e7\u00e3o em geral, nomeadamente \u00e0s pessoas identificadas ao longo do dia com risco de diabetes moderado a muito alto.<\/p>\n<p>O Dia Mundial da Diabetes visa consciencializar as pessoas sobre a doen\u00e7a e divulgar as ferramentas para a preven\u00e7\u00e3o da diabetes, pois cerca de 400 milh\u00f5es de pessoas no mundo sofrem de diabetes e 5 milh\u00f5es morrem por ano devido a esta doen\u00e7a.<\/p>\n<p><img loading=\"lazy\" decoding=\"async\" class=\"size-full wp-image-13251 aligncenter\" src=\"https:\/\/www.entroncamentoonline.pt\/portal\/wp-content\/uploads\/2019\/11\/dia-mundial-da-diabetes-cartaz-01.jpg\" alt=\"\" width=\"421\" height=\"592\" srcset=\"https:\/\/www.entroncamentoonline.pt\/portal\/wp-content\/uploads\/2019\/11\/dia-mundial-da-diabetes-cartaz-01.jpg 421w, https:\/\/www.entroncamentoonline.pt\/portal\/wp-content\/uploads\/2019\/11\/dia-mundial-da-diabetes-cartaz-01-299x420.jpg 299w\" sizes=\"auto, (max-width: 421px) 100vw, 421px\" \/><\/p>\n<div class=\"fb-background-color\">\n\t\t\t  <div \n\t\t\t  \tclass = \"fb-comments\" \n\t\t\t  \tdata-href = \"https:\/\/www.entroncamentoonline.pt\/portal\/entroncamento-comemoracao-do-dia-mundial-da-diabetes-com-rastreios-em-varios-pontos-da-cidade\/\"\n\t\t\t  \tdata-numposts = \"10\"\n\t\t\t  \tdata-lazy = \"true\"\n\t\t\t\tdata-colorscheme = \"light\"\n\t\t\t\tdata-order-by = \"social\"\n\t\t\t\tdata-mobile=true>\n\t\t\t  <\/div><\/div>\n\t\t  <style>\n\t\t    .fb-background-color {\n\t\t\t\tbackground:  !important;\n\t\t\t}\n\t\t\t.fb_iframe_widget_fluid_desktop iframe {\n\t\t\t    width: 100% !important;\n\t\t\t}\n\t\t  <\/style>\n\t\t  ","protected":false},"excerpt":{"rendered":"<p>No \u00e2mbito das Comemora\u00e7\u00f5es do Dia Mundial da Diabetes, que se se celebra a 14 de novembro, o Munic\u00edpio do Entroncamento associa-se \u00e0 Unidade de Cuidados na Comunidade de Almourol, na organiza\u00e7\u00e3o de rastreios a realizar por profissionais desta Unidade, em v\u00e1rios locais p\u00fablicos, culminando com uma sess\u00e3o de esclarecimento. Os profissionais de sa\u00fade v\u00e3o [&hellip;]<\/p>\n","protected":false},"author":1,"featured_media":13252,"comment_status":"open","ping_status":"closed","sticky":false,"template":"","format":"standard","meta":{"_acf_changed":false,"footnotes":""},"categories":[1],"tags":[],"class_list":{"0":"post-13250","1":"post","2":"type-post","3":"status-publish","4":"format-standard","5":"has-post-thumbnail","7":"category-sem-categoria"},"acf":[],"_links":{"self":[{"href":"https:\/\/www.entroncamentoonline.pt\/portal\/wp-json\/wp\/v2\/posts\/13250","targetHints":{"allow":["GET"]}}],"collection":[{"href":"https:\/\/www.entroncamentoonline.pt\/portal\/wp-json\/wp\/v2\/posts"}],"about":[{"href":"https:\/\/www.entroncamentoonline.pt\/portal\/wp-json\/wp\/v2\/types\/post"}],"author":[{"embeddable":true,"href":"https:\/\/www.entroncamentoonline.pt\/portal\/wp-json\/wp\/v2\/users\/1"}],"replies":[{"embeddable":true,"href":"https:\/\/www.entroncamentoonline.pt\/portal\/wp-json\/wp\/v2\/comments?post=13250"}],"version-history":[{"count":0,"href":"https:\/\/www.entroncamentoonline.pt\/portal\/wp-json\/wp\/v2\/posts\/13250\/revisions"}],"wp:featuredmedia":[{"embeddable":true,"href":"https:\/\/www.entroncamentoonline.pt\/portal\/wp-json\/wp\/v2\/media\/13252"}],"wp:attachment":[{"href":"https:\/\/www.entroncamentoonline.pt\/portal\/wp-json\/wp\/v2\/media?parent=13250"}],"wp:term":[{"taxonomy":"category","embeddable":true,"href":"https:\/\/www.entroncamentoonline.pt\/portal\/wp-json\/wp\/v2\/categories?post=13250"},{"taxonomy":"post_tag","embeddable":true,"href":"https:\/\/www.entroncamentoonline.pt\/portal\/wp-json\/wp\/v2\/tags?post=13250"}],"curies":[{"name":"wp","href":"https:\/\/api.w.org\/{rel}","templated":true}]}}