{"id":12993,"date":"2019-11-06T22:35:32","date_gmt":"2019-11-06T22:35:32","guid":{"rendered":"https:\/\/www.entroncamentoonline.pt\/portal\/?p=12993"},"modified":"2019-11-06T22:35:32","modified_gmt":"2019-11-06T22:35:32","slug":"constancia-tertulia-de-poesia-da-casa-memoria-de-camoes","status":"publish","type":"post","link":"https:\/\/www.entroncamentoonline.pt\/portal\/constancia-tertulia-de-poesia-da-casa-memoria-de-camoes\/","title":{"rendered":"Const\u00e2ncia | Tert\u00falia de poesia da casa-mem\u00f3ria de Cam\u00f5es"},"content":{"rendered":"<p>Assumindo-se como casa da poesia, n\u00e3o apenas da poesia camoniana mas tamb\u00e9m da mais recente e da que se est\u00e1 a fazer agora, a Casa-Mem\u00f3ria de Cam\u00f5es em Const\u00e2ncia organiza e acolhe uma Tert\u00falia de Poesia, reunindo poetas, leitores e outros amantes da poesia, certa da import\u00e2ncia que a conversa e a partilha podem ter na valoriza\u00e7\u00e3o cultural das pessoas.<\/p>\n<p>A Tert\u00falia de Poesia da Casa-Mem\u00f3ria de Cam\u00f5es funciona mensalmente, na terceira quarta-feira do m\u00eas, na Casa-Mem\u00f3ria (Rua da Barca, n.\u00ba 1, em Const\u00e2ncia), das 21:30 \u00e0s 23 horas.<\/p>\n<p>Cada sess\u00e3o ter\u00e1 um tema, a definir na sess\u00e3o anterior. A primeira ser\u00e1 no dia 20 de novembro, dedicada a Const\u00e2ncia e Cam\u00f5es, com breves interven\u00e7\u00f5es iniciais de Ant\u00f3nio Matias Coelho sobre a rela\u00e7\u00e3o afetiva de Const\u00e2ncia com Cam\u00f5es, de Ana Maria Dias sobre as refer\u00eancias na obra de Cam\u00f5es ao territ\u00f3rio de Const\u00e2ncia e de Maria Paula Malheiro sobre a experi\u00eancia na Escola de Const\u00e2ncia da pe\u00e7a de teatro de que \u00e9 co-autora Tomem L\u00e1 do Cam\u00f5es, seguindo-se a participa\u00e7\u00e3o dos presentes.<\/p>\n<p>A fun\u00e7\u00e3o da poesia \u00e9 criar espanto e sobressalto, desassossego, emo\u00e7\u00e3o\u2026 e, tamb\u00e9m, comunh\u00e3o.<\/p>\n<p>A poesia implica uma imers\u00e3o profunda na linguagem para quem a produz; e uma imers\u00e3o total na leitura e na descodifica\u00e7\u00e3o para quem a l\u00ea. Essa descodifica\u00e7\u00e3o nunca \u00e9 linear, t\u00e3o pouco universal.<\/p>\n<p>Quando agarramos num autor, num livro, num poema, numa obra liter\u00e1ria ou outro elemento art\u00edstico, muitas interpreta\u00e7\u00f5es se colocam \u00e0 disponibilidade e contempla\u00e7\u00e3o de quem frui. Neste processo, que come\u00e7a quase sempre com um ato individual de recolhimento silencioso, outros momentos igualmente f\u00e9rteis poder\u00e3o surgir, atrav\u00e9s dos atos de partilha coletiva, de di\u00e1logo, de debate, de troca de ideias ou simplesmente de enuncia\u00e7\u00e3o em voz alta do que pensamos e sentimos sobre o que lemos. Assim surgem os espa\u00e7os de tert\u00falia e de partilha\u2026<\/p>\n<p>Como diria Mill\u00f4r Fernandes, numa excelente defini\u00e7\u00e3o, \u201ca cultura \u00e9 tudo o que amplia a nossa ignor\u00e2ncia\u201d. O desafio de ampliarmos coletivamente a nossa cultura, atrav\u00e9s de espa\u00e7os de reflex\u00e3o cr\u00edtica, criativa e comprometida, pode ser um desafio muito aliciante e apetec\u00edvel que nos permita tamb\u00e9m criar la\u00e7os humanos mais fortes com a comunidade cultural que nos envolve.<\/p>\n<p>Trata-se de uma atividade aberta, com entrada livre. O ser\u00e3o de 20 de novembro ser\u00e1 o come\u00e7o.<\/p>\n<div class=\"fb-background-color\">\n\t\t\t  <div \n\t\t\t  \tclass = \"fb-comments\" \n\t\t\t  \tdata-href = \"https:\/\/www.entroncamentoonline.pt\/portal\/constancia-tertulia-de-poesia-da-casa-memoria-de-camoes\/\"\n\t\t\t  \tdata-numposts = \"10\"\n\t\t\t  \tdata-lazy = \"true\"\n\t\t\t\tdata-colorscheme = \"light\"\n\t\t\t\tdata-order-by = \"social\"\n\t\t\t\tdata-mobile=true>\n\t\t\t  <\/div><\/div>\n\t\t  <style>\n\t\t    .fb-background-color {\n\t\t\t\tbackground:  !important;\n\t\t\t}\n\t\t\t.fb_iframe_widget_fluid_desktop iframe {\n\t\t\t    width: 100% !important;\n\t\t\t}\n\t\t  <\/style>\n\t\t  ","protected":false},"excerpt":{"rendered":"<p>Assumindo-se como casa da poesia, n\u00e3o apenas da poesia camoniana mas tamb\u00e9m da mais recente e da que se est\u00e1 a fazer agora, a Casa-Mem\u00f3ria de Cam\u00f5es em Const\u00e2ncia organiza e acolhe uma Tert\u00falia de Poesia, reunindo poetas, leitores e outros amantes da poesia, certa da import\u00e2ncia que a conversa e a partilha podem ter [&hellip;]<\/p>\n","protected":false},"author":1,"featured_media":0,"comment_status":"open","ping_status":"closed","sticky":false,"template":"","format":"standard","meta":{"_acf_changed":false,"footnotes":""},"categories":[51],"tags":[],"class_list":{"0":"post-12993","1":"post","2":"type-post","3":"status-publish","4":"format-standard","6":"category-breves"},"acf":[],"_links":{"self":[{"href":"https:\/\/www.entroncamentoonline.pt\/portal\/wp-json\/wp\/v2\/posts\/12993","targetHints":{"allow":["GET"]}}],"collection":[{"href":"https:\/\/www.entroncamentoonline.pt\/portal\/wp-json\/wp\/v2\/posts"}],"about":[{"href":"https:\/\/www.entroncamentoonline.pt\/portal\/wp-json\/wp\/v2\/types\/post"}],"author":[{"embeddable":true,"href":"https:\/\/www.entroncamentoonline.pt\/portal\/wp-json\/wp\/v2\/users\/1"}],"replies":[{"embeddable":true,"href":"https:\/\/www.entroncamentoonline.pt\/portal\/wp-json\/wp\/v2\/comments?post=12993"}],"version-history":[{"count":0,"href":"https:\/\/www.entroncamentoonline.pt\/portal\/wp-json\/wp\/v2\/posts\/12993\/revisions"}],"wp:attachment":[{"href":"https:\/\/www.entroncamentoonline.pt\/portal\/wp-json\/wp\/v2\/media?parent=12993"}],"wp:term":[{"taxonomy":"category","embeddable":true,"href":"https:\/\/www.entroncamentoonline.pt\/portal\/wp-json\/wp\/v2\/categories?post=12993"},{"taxonomy":"post_tag","embeddable":true,"href":"https:\/\/www.entroncamentoonline.pt\/portal\/wp-json\/wp\/v2\/tags?post=12993"}],"curies":[{"name":"wp","href":"https:\/\/api.w.org\/{rel}","templated":true}]}}