{"id":12957,"date":"2019-11-05T09:37:32","date_gmt":"2019-11-05T09:37:32","guid":{"rendered":"https:\/\/www.entroncamentoonline.pt\/portal\/?p=12957"},"modified":"2019-11-20T15:46:29","modified_gmt":"2019-11-20T15:46:29","slug":"avisan-exposicao-nacional-de-aves-animais-de-companhia-equipamentos-e-acessorios","status":"publish","type":"post","link":"https:\/\/www.entroncamentoonline.pt\/portal\/avisan-exposicao-nacional-de-aves-animais-de-companhia-equipamentos-e-acessorios\/","title":{"rendered":"Avisan \u2013 Exposi\u00e7\u00e3o Nacional de Aves, Animais de Companhia, Equipamentos e Acess\u00f3rios"},"content":{"rendered":"<p>A Avisan \u2013 Exposi\u00e7\u00e3o Nacional de Aves e Animais de Companhia, Equipamentos e Acess\u00f3rios decorre no Centro Nacional de Exposi\u00e7\u00f5es, em Santar\u00e9m, entre os dias 29 de novembro e 1 de dezembro.<\/p>\n<p>O certame tem como objetivo ser um mercado aglutinador das principais marcas que actuam no sector, cativar os profissionais da \u00e1rea e atrair criadores nacionais e internacionais, entre outros interessados.<\/p>\n<p>Ao longo dos anos a Avisan tem surpreendido os visitantes oriundos de quase todo o pa\u00eds e \u00e9 um marco incontorn\u00e1vel que conta com amplos motivos de atra\u00e7\u00e3o. Neste \u00e2mbito, ter\u00e1 uma programa\u00e7\u00e3o diversificada e vai ser palco de v\u00e1rias iniciativas como a Exposi\u00e7\u00e3o Canina Nacional e Internacional, a Exposi\u00e7\u00e3o Internacional de Gatos, as Exposi\u00e7\u00f5es de Galinhas e de Pombos, os Shows de Araras e Aves de Rapina, a Exposi\u00e7\u00e3o do Gloster ou do Periquito Ondulado, etc.<\/p>\n<p>Ao longo de tr\u00eas dias, a Avisan contar\u00e1 com a presen\u00e7a de criadores nacionais e internacionais e com uma programa\u00e7\u00e3o variada e atrativa. Na edi\u00e7\u00e3o de 2019, realce para:<\/p>\n<ul>\n<li>Shows mistos de Araras, Aves de Rapina e R\u00e9pteis (29 de novembro a 1 de dezembro &#8211; Org. Aquashow)<\/li>\n<li>Shows de Araras &#8211; (29 de novembro a 1 de dezembro &#8211; Org. FBA)<\/li>\n<li>9\u00aa ExpoAlcac &#8211; 5\u00ba Concurso \/ Exposi\u00e7\u00e3o de Galinhas de (29 de novembro a 1 de dezembro \u2013 Org. Associa\u00e7\u00e3o Lusa de Criadores de Aves de Capoeira)<\/li>\n<li>4\u00aa Exposi\u00e7\u00e3o de Columbicultura\/Pombos de Fantasia (29 novembro a 1 dezembro \u2013 Org. Associa\u00e7\u00e3o Portuguesa de Columbicultura)<\/li>\n<li>Demonstra\u00e7\u00e3o de Meios Cinot\u00e9cnicos da GNR (30 novembro e 1 dezembro \u2013 Org. GNR)<\/li>\n<li>18\u00aa Exposi\u00e7\u00e3o Nacional do Gloster &#8211; (30 novembro e 1 dezembro &#8211; Org. Gloster Clube de Portugal)<\/li>\n<li>13\u00ba Show do Periquito Ondulado (30 novembro e 1 dezembro &#8211;\u00a0 Org. Sociedade Portuguesa do Ondulado)<\/li>\n<li>9\u00aa Exposi\u00e7\u00e3o Internacional de Gatos de Santar\u00e9m (30 novembro e 1 dezembro \u2013 Org. Clube Portugu\u00eas de Felinicultura)<\/li>\n<li>52\u00ba Concurso Nacional de Porquinhos-da-\u00cdndia (30 novembro &#8211; Org. CAPI \u2013 Clube dos Amigos dos Porquinhos da \u00cdndia)<\/li>\n<li>26\u00aa Exposi\u00e7\u00e3o Canina Nacional de Santar\u00e9m (30 novembro \u2013 Org. Clube Portugu\u00eas de Canicultura)<\/li>\n<li>20\u00aa Exposi\u00e7\u00e3o Canina Internacional de Santar\u00e9m (1 dezembro \u2013 Org. Clube Portugu\u00eas de Canicultura)<\/li>\n<\/ul>\n<p>Durante tr\u00eas dias, a Avisan n\u00e3o deixar\u00e1 de cativar todos os que se interessam por este mercado. A mostra comercial, os milhares de aves de pequeno e grande porte, os r\u00e9pteis, os c\u00e3es e gatos de diversas ra\u00e7as, os peixes de v\u00e1rias esp\u00e9cies e outros animais de companhia s\u00e3o a certeza de um tempo bem passado na companhia de muitos amigos.<\/p>\n<p>Este certame \u00e9 o local ideal para a apresenta\u00e7\u00e3o de ideias inovadoras, novos produtos e de v\u00e1rios servi\u00e7os relacionados com este mercado junto de potenciais clientes com o intuito de concretizar bons neg\u00f3cios.<strong>\u00a0<\/strong><\/p>\n<p><strong>HOR\u00c1RIOS<br \/>\n<\/strong>Todos os dias: 10h00 \u00e0s 20h00<strong>\u00a0<\/strong><\/p>\n<p><strong>ENTRADAS<\/strong><br \/>\nBilhete: 4,00 \u20ac (V\u00e1lido para apenas uma entrada)<br \/>\nEntrada gratuita para crian\u00e7as at\u00e9 aos 11 anos<\/p>\n<p><strong>BILHETEIRA ONLINE:\u00a0<\/strong><a href=\"https:\/\/www.ticket.cnema.pt\/WTCNEMA\/main.do\">https:\/\/www.ticket.cnema.pt\/WTCNEMA\/main.do<\/a><strong>\u00a0<\/strong><\/p>\n<p><strong>PARQUE DE ESTACIONAMENTO:<\/strong>\u00a0Gratuito<\/p>\n<p><strong>NOTA:<\/strong>\u00a0N\u00e3o \u00e9 permitida a Entrada de Animais Extra &#8211; Concursos<\/p>\n<div class=\"fb-background-color\">\n\t\t\t  <div \n\t\t\t  \tclass = \"fb-comments\" \n\t\t\t  \tdata-href = \"https:\/\/www.entroncamentoonline.pt\/portal\/avisan-exposicao-nacional-de-aves-animais-de-companhia-equipamentos-e-acessorios\/\"\n\t\t\t  \tdata-numposts = \"10\"\n\t\t\t  \tdata-lazy = \"true\"\n\t\t\t\tdata-colorscheme = \"light\"\n\t\t\t\tdata-order-by = \"social\"\n\t\t\t\tdata-mobile=true>\n\t\t\t  <\/div><\/div>\n\t\t  <style>\n\t\t    .fb-background-color {\n\t\t\t\tbackground:  !important;\n\t\t\t}\n\t\t\t.fb_iframe_widget_fluid_desktop iframe {\n\t\t\t    width: 100% !important;\n\t\t\t}\n\t\t  <\/style>\n\t\t  ","protected":false},"excerpt":{"rendered":"<p>A Avisan \u2013 Exposi\u00e7\u00e3o Nacional de Aves e Animais de Companhia, Equipamentos e Acess\u00f3rios decorre no Centro Nacional de Exposi\u00e7\u00f5es, em Santar\u00e9m, entre os dias 29 de novembro e 1 de dezembro. O certame tem como objetivo ser um mercado aglutinador das principais marcas que actuam no sector, cativar os profissionais da \u00e1rea e atrair [&hellip;]<\/p>\n","protected":false},"author":1,"featured_media":12958,"comment_status":"open","ping_status":"closed","sticky":false,"template":"","format":"standard","meta":{"_acf_changed":false,"footnotes":""},"categories":[1],"tags":[],"class_list":{"0":"post-12957","1":"post","2":"type-post","3":"status-publish","4":"format-standard","5":"has-post-thumbnail","7":"category-sem-categoria"},"acf":[],"_links":{"self":[{"href":"https:\/\/www.entroncamentoonline.pt\/portal\/wp-json\/wp\/v2\/posts\/12957","targetHints":{"allow":["GET"]}}],"collection":[{"href":"https:\/\/www.entroncamentoonline.pt\/portal\/wp-json\/wp\/v2\/posts"}],"about":[{"href":"https:\/\/www.entroncamentoonline.pt\/portal\/wp-json\/wp\/v2\/types\/post"}],"author":[{"embeddable":true,"href":"https:\/\/www.entroncamentoonline.pt\/portal\/wp-json\/wp\/v2\/users\/1"}],"replies":[{"embeddable":true,"href":"https:\/\/www.entroncamentoonline.pt\/portal\/wp-json\/wp\/v2\/comments?post=12957"}],"version-history":[{"count":0,"href":"https:\/\/www.entroncamentoonline.pt\/portal\/wp-json\/wp\/v2\/posts\/12957\/revisions"}],"wp:featuredmedia":[{"embeddable":true,"href":"https:\/\/www.entroncamentoonline.pt\/portal\/wp-json\/wp\/v2\/media\/12958"}],"wp:attachment":[{"href":"https:\/\/www.entroncamentoonline.pt\/portal\/wp-json\/wp\/v2\/media?parent=12957"}],"wp:term":[{"taxonomy":"category","embeddable":true,"href":"https:\/\/www.entroncamentoonline.pt\/portal\/wp-json\/wp\/v2\/categories?post=12957"},{"taxonomy":"post_tag","embeddable":true,"href":"https:\/\/www.entroncamentoonline.pt\/portal\/wp-json\/wp\/v2\/tags?post=12957"}],"curies":[{"name":"wp","href":"https:\/\/api.w.org\/{rel}","templated":true}]}}