{"id":12929,"date":"2019-11-04T16:16:42","date_gmt":"2019-11-04T16:16:42","guid":{"rendered":"https:\/\/www.entroncamentoonline.pt\/portal\/?p=12929"},"modified":"2019-11-04T16:16:42","modified_gmt":"2019-11-04T16:16:42","slug":"quinta-da-alorna-com-colheita-de-excelencia-destaca-qualidade-dos-vinhos-tintos","status":"publish","type":"post","link":"https:\/\/www.entroncamentoonline.pt\/portal\/quinta-da-alorna-com-colheita-de-excelencia-destaca-qualidade-dos-vinhos-tintos\/","title":{"rendered":"Quinta da Alorna com colheita de excel\u00eancia destaca qualidade dos vinhos tintos"},"content":{"rendered":"<p>A vindima de 2019 na Quinta da Alorna revela um balan\u00e7o muito positivo, destacando-se o aumento de 15% na colheita total de uva, em rela\u00e7\u00e3o ao ano passado (devido ao escald\u00e3o verificado, existiu uma quebra de produ\u00e7\u00e3o em 2018), e a elevada qualidade dos vinhos, sobretudo dos vinhos tintos.<\/p>\n<p>Os meses que antecederam o in\u00edcio da vindima na Quinta da Alorna apresentaram caracter\u00edsticas excelentes para o bom desenvolvimento da matura\u00e7\u00e3o das uvas, com temperaturas n\u00e3o muito altas durante o dia, a n\u00e3o ultrapassar os 30-35\u00baC, e noites frias.<\/p>\n<p>Assim se mantiveram as condi\u00e7\u00f5es clim\u00e1ticas at\u00e9 final de Agosto, altura em que j\u00e1 estava finalizada a vindima praticamente de todas as castas brancas (com exce\u00e7\u00e3o do Moscatel) e j\u00e1 se tinha iniciado a vindima das uvas tintas, n\u00e3o se notando o efeito negativo do calor extremo que se fez sentir a partir da\u00ed e que se prolongou durante alguns dias de Setembro. A evolu\u00e7\u00e3o da matura\u00e7\u00e3o foi, por isso, excelente, especialmente nas castas tintas.<\/p>\n<p>De acordo com Martta Reis Sim\u00f5es, en\u00f3loga que assina os vinhos Quinta da Alorna, \u201c<em>As uvas evolu\u00edram para uma matura\u00e7\u00e3o excelente. Os vinhos brancos est\u00e3o \u00f3timos, mas este ano h\u00e1 que real\u00e7ar a qualidade acrescida dos vinhos tintos. As cores est\u00e3o lindas, com muito boa intensidade corante, a acidez que as uvas continham ao chegar \u00e0 adega era brilhante e os taninos s\u00e3o maduros, o que originou vinhos muito frescos e com um equil\u00edbrio singular<\/em>\u201d.<\/p>\n<p>A Quinta da Alorna produz atualmente pouco mais de dois milh\u00f5es de garrafas por ano, sendo que 49% do volume de vendas de 2018 se destinou a 28 mercados externos, entre os quais, \u00a0China, o Brasil, a Pol\u00f3nia, a R\u00fassia, os EUA e o Reino Unido.<\/p>\n<p>Com uma combina\u00e7\u00e3o entre a a\u00e7\u00e3o e a sabedoria humana e a mais moderna tecnologia, a vindima e os processos de vinifica\u00e7\u00e3o refletem a grande aposta da Quinta da Alorna na inova\u00e7\u00e3o e moderniza\u00e7\u00e3o, com a constante aplica\u00e7\u00e3o de novas t\u00e9cnicas e diversifica\u00e7\u00e3o do portef\u00f3lio de propostas.<\/p>\n<p>Os 220 hectares da Quinta da Alorna distribuem-se por um <em>terroir<\/em> muito especial, composto, maioritariamente, por calhau rolado, perfeito para a produ\u00e7\u00e3o de uvas de nove castas Tintas \u2013 Touriga Nacional, Tinta Roriz, Cabernet Sauvignon, Syrah, Castel\u00e3o, Trincadeira, Tinta Mi\u00fada, Alicante Bouschet e Touriga Franca \u2013 e oito castas Brancas \u2013 Arinto, Chardonnay, Fern\u00e3o Pires, Verdelho, Alvarinho, Viognier, Sauvignon Blanc e Moscatel.<\/p>\n<p><em>A Quinta da Alorna \u00e9 uma empresa familiar, produtora de vinhos, situada na margem do Rio Tejo, em Almeirim, que se destaca n\u00e3o s\u00f3 pela qualidade dos vinhos que produz, como tamb\u00e9m pelos seus espa\u00e7os naturais. <\/em><\/p>\n<p><em>Os seus 220 hectares de vinhas dividem-se em v\u00e1rias castas, originando vinhos com a qualidade, excel\u00eancia e competitividade que os mercados nacionais e internacionais exigem. Atualmente, a Quinta da Alorna est\u00e1 presente em todo o mundo, desde a Europa (com forte incid\u00eancia na Pol\u00f3nia e em Inglaterra), ao Brasil, passando pelos mercados Norte-Americano, Asi\u00e1tico e Russo.<\/em><\/p>\n<p><em>Com uma produ\u00e7\u00e3o m\u00e9dia anual na ordem dos dois milh\u00f5es de garrafas os vinhos da Quinta da Alorna s\u00e3o produzidos com recurso \u00e0s novas tecnologias de vinifica\u00e7\u00e3o. Al\u00e9m de vitivinicultura, a Quinta da Alorna aposta noutras atividades como agricultura, floresta, centro equestre e produ\u00e7\u00e3o de energia.<\/em><\/p>\n<div class=\"fb-background-color\">\n\t\t\t  <div \n\t\t\t  \tclass = \"fb-comments\" \n\t\t\t  \tdata-href = \"https:\/\/www.entroncamentoonline.pt\/portal\/quinta-da-alorna-com-colheita-de-excelencia-destaca-qualidade-dos-vinhos-tintos\/\"\n\t\t\t  \tdata-numposts = \"10\"\n\t\t\t  \tdata-lazy = \"true\"\n\t\t\t\tdata-colorscheme = \"light\"\n\t\t\t\tdata-order-by = \"social\"\n\t\t\t\tdata-mobile=true>\n\t\t\t  <\/div><\/div>\n\t\t  <style>\n\t\t    .fb-background-color {\n\t\t\t\tbackground:  !important;\n\t\t\t}\n\t\t\t.fb_iframe_widget_fluid_desktop iframe {\n\t\t\t    width: 100% !important;\n\t\t\t}\n\t\t  <\/style>\n\t\t  ","protected":false},"excerpt":{"rendered":"<p>A vindima de 2019 na Quinta da Alorna revela um balan\u00e7o muito positivo, destacando-se o aumento de 15% na colheita total de uva, em rela\u00e7\u00e3o ao ano passado (devido ao escald\u00e3o verificado, existiu uma quebra de produ\u00e7\u00e3o em 2018), e a elevada qualidade dos vinhos, sobretudo dos vinhos tintos. Os meses que antecederam o in\u00edcio [&hellip;]<\/p>\n","protected":false},"author":1,"featured_media":12930,"comment_status":"open","ping_status":"closed","sticky":false,"template":"","format":"standard","meta":{"_acf_changed":false,"footnotes":""},"categories":[50],"tags":[],"class_list":{"0":"post-12929","1":"post","2":"type-post","3":"status-publish","4":"format-standard","5":"has-post-thumbnail","7":"category-atividade-comercial"},"acf":[],"_links":{"self":[{"href":"https:\/\/www.entroncamentoonline.pt\/portal\/wp-json\/wp\/v2\/posts\/12929","targetHints":{"allow":["GET"]}}],"collection":[{"href":"https:\/\/www.entroncamentoonline.pt\/portal\/wp-json\/wp\/v2\/posts"}],"about":[{"href":"https:\/\/www.entroncamentoonline.pt\/portal\/wp-json\/wp\/v2\/types\/post"}],"author":[{"embeddable":true,"href":"https:\/\/www.entroncamentoonline.pt\/portal\/wp-json\/wp\/v2\/users\/1"}],"replies":[{"embeddable":true,"href":"https:\/\/www.entroncamentoonline.pt\/portal\/wp-json\/wp\/v2\/comments?post=12929"}],"version-history":[{"count":0,"href":"https:\/\/www.entroncamentoonline.pt\/portal\/wp-json\/wp\/v2\/posts\/12929\/revisions"}],"wp:featuredmedia":[{"embeddable":true,"href":"https:\/\/www.entroncamentoonline.pt\/portal\/wp-json\/wp\/v2\/media\/12930"}],"wp:attachment":[{"href":"https:\/\/www.entroncamentoonline.pt\/portal\/wp-json\/wp\/v2\/media?parent=12929"}],"wp:term":[{"taxonomy":"category","embeddable":true,"href":"https:\/\/www.entroncamentoonline.pt\/portal\/wp-json\/wp\/v2\/categories?post=12929"},{"taxonomy":"post_tag","embeddable":true,"href":"https:\/\/www.entroncamentoonline.pt\/portal\/wp-json\/wp\/v2\/tags?post=12929"}],"curies":[{"name":"wp","href":"https:\/\/api.w.org\/{rel}","templated":true}]}}