{"id":12865,"date":"2019-11-01T16:16:00","date_gmt":"2019-11-01T16:16:00","guid":{"rendered":"https:\/\/www.entroncamentoonline.pt\/portal\/?p=12865"},"modified":"2019-11-01T16:16:00","modified_gmt":"2019-11-01T16:16:00","slug":"tarifas-de-agua-saneamento-e-residuos-1539-mais-baratas-em-tomar-no-proximo-ano","status":"publish","type":"post","link":"https:\/\/www.entroncamentoonline.pt\/portal\/tarifas-de-agua-saneamento-e-residuos-1539-mais-baratas-em-tomar-no-proximo-ano\/","title":{"rendered":"Tarifas de \u00e1gua, saneamento e res\u00edduos 15,39% mais baratas em Tomar no pr\u00f3ximo ano"},"content":{"rendered":"<p>As tarifas relativas ao abastecimento de \u00e1gua, saneamento b\u00e1sico e recolha de res\u00edduos s\u00f3lidos v\u00e3o ter uma redu\u00e7\u00e3o global de 15,39%, no concelho de Tomar, no pr\u00f3ximo ano. O tarif\u00e1rio foi aprovado na reuni\u00e3o de C\u00e2mara da passada segunda-feira e aplica-se a partir de Janeiro, com a entrada em atividade da empresa intermunicipal Tejo Ambiente, que ir\u00e1 substituir os SMAS na presta\u00e7\u00e3o destes servi\u00e7os.<\/p>\n<p>A delibera\u00e7\u00e3o inicial foi tomada pelo Conselho de Administra\u00e7\u00e3o dos SMAS, antes de submetida \u00e1 aprecia\u00e7\u00e3o do executivo municipal, uma vez que, apesar da presta\u00e7\u00e3o destes servi\u00e7os passara\u00a0 ser feita pela Tejo Ambiente, continuar\u00e1 a competir \u00e0 autarquia aprovar os tarif\u00e1rios a praticar.<\/p>\n<p>Os Servi\u00e7os Municipalizados de \u00c1gua e Saneamento (SMAS) de Tomar ser\u00e3o extintos no final de 2019, passando os servi\u00e7os a serem prestados pela nova empresa intermunicipal que congrega os munic\u00edpios de Tomar, Ferreira do Z\u00eazere, Ma\u00e7\u00e3o, Our\u00e9m, Sardoal e Vila Nova da Barquinha<\/p>\n<div class=\"fb-background-color\">\n\t\t\t  <div \n\t\t\t  \tclass = \"fb-comments\" \n\t\t\t  \tdata-href = \"https:\/\/www.entroncamentoonline.pt\/portal\/tarifas-de-agua-saneamento-e-residuos-1539-mais-baratas-em-tomar-no-proximo-ano\/\"\n\t\t\t  \tdata-numposts = \"10\"\n\t\t\t  \tdata-lazy = \"true\"\n\t\t\t\tdata-colorscheme = \"light\"\n\t\t\t\tdata-order-by = \"social\"\n\t\t\t\tdata-mobile=true>\n\t\t\t  <\/div><\/div>\n\t\t  <style>\n\t\t    .fb-background-color {\n\t\t\t\tbackground:  !important;\n\t\t\t}\n\t\t\t.fb_iframe_widget_fluid_desktop iframe {\n\t\t\t    width: 100% !important;\n\t\t\t}\n\t\t  <\/style>\n\t\t  ","protected":false},"excerpt":{"rendered":"<p>As tarifas relativas ao abastecimento de \u00e1gua, saneamento b\u00e1sico e recolha de res\u00edduos s\u00f3lidos v\u00e3o ter uma redu\u00e7\u00e3o global de 15,39%, no concelho de Tomar, no pr\u00f3ximo ano. O tarif\u00e1rio foi aprovado na reuni\u00e3o de C\u00e2mara da passada segunda-feira e aplica-se a partir de Janeiro, com a entrada em atividade da empresa intermunicipal Tejo Ambiente, [&hellip;]<\/p>\n","protected":false},"author":1,"featured_media":0,"comment_status":"open","ping_status":"closed","sticky":false,"template":"","format":"standard","meta":{"_acf_changed":false,"footnotes":""},"categories":[51],"tags":[],"class_list":{"0":"post-12865","1":"post","2":"type-post","3":"status-publish","4":"format-standard","6":"category-breves"},"acf":[],"_links":{"self":[{"href":"https:\/\/www.entroncamentoonline.pt\/portal\/wp-json\/wp\/v2\/posts\/12865","targetHints":{"allow":["GET"]}}],"collection":[{"href":"https:\/\/www.entroncamentoonline.pt\/portal\/wp-json\/wp\/v2\/posts"}],"about":[{"href":"https:\/\/www.entroncamentoonline.pt\/portal\/wp-json\/wp\/v2\/types\/post"}],"author":[{"embeddable":true,"href":"https:\/\/www.entroncamentoonline.pt\/portal\/wp-json\/wp\/v2\/users\/1"}],"replies":[{"embeddable":true,"href":"https:\/\/www.entroncamentoonline.pt\/portal\/wp-json\/wp\/v2\/comments?post=12865"}],"version-history":[{"count":0,"href":"https:\/\/www.entroncamentoonline.pt\/portal\/wp-json\/wp\/v2\/posts\/12865\/revisions"}],"wp:attachment":[{"href":"https:\/\/www.entroncamentoonline.pt\/portal\/wp-json\/wp\/v2\/media?parent=12865"}],"wp:term":[{"taxonomy":"category","embeddable":true,"href":"https:\/\/www.entroncamentoonline.pt\/portal\/wp-json\/wp\/v2\/categories?post=12865"},{"taxonomy":"post_tag","embeddable":true,"href":"https:\/\/www.entroncamentoonline.pt\/portal\/wp-json\/wp\/v2\/tags?post=12865"}],"curies":[{"name":"wp","href":"https:\/\/api.w.org\/{rel}","templated":true}]}}