{"id":12765,"date":"2019-10-29T15:03:14","date_gmt":"2019-10-29T15:03:14","guid":{"rendered":"https:\/\/www.entroncamentoonline.pt\/portal\/?p=12765"},"modified":"2019-10-29T15:03:14","modified_gmt":"2019-10-29T15:03:14","slug":"ministro-da-administracao-interna-no-66-o-aniversario-dos-bombeiros-municipais-de-sardoal","status":"publish","type":"post","link":"https:\/\/www.entroncamentoonline.pt\/portal\/ministro-da-administracao-interna-no-66-o-aniversario-dos-bombeiros-municipais-de-sardoal\/","title":{"rendered":"Ministro da Administra\u00e7\u00e3o Interna no 66.\u00ba Anivers\u00e1rio\u00a0dos Bombeiros Municipais de Sardoal"},"content":{"rendered":"<p>O Ministro da Administra\u00e7\u00e3o Interna, Eduardo Cabrita, marcar\u00e1 presen\u00e7a na Cerim\u00f3nia do 66.\u00ba Anivers\u00e1rio dos Bombeiros Municipais de Sardoal que ter\u00e1 lugar no dia 2 de novembro, no Centro Cultural Gil Vicente.<\/p>\n<p>As comemora\u00e7\u00f5es ter\u00e3o in\u00edcio \u00e0s 14h15m com uma romagem ao cemit\u00e9rio numa homenagem aos Bombeiros falecidos, seguindo-se um desfile apeado pelas ruas da Vila. Pelas 16h00m, o Centro Cultural Gil Vicente recebe a Sess\u00e3o Solene comemorativa do anivers\u00e1rio dos Bombeiros Municipais, iniciando-se a rece\u00e7\u00e3o \u00e0s Entidades convidadas \u00e0s 15h45m.<\/p>\n<p>A iniciativa \u00e9 aberta a toda a popula\u00e7\u00e3o.<\/p>\n<div class=\"fb-background-color\">\n\t\t\t  <div \n\t\t\t  \tclass = \"fb-comments\" \n\t\t\t  \tdata-href = \"https:\/\/www.entroncamentoonline.pt\/portal\/ministro-da-administracao-interna-no-66-o-aniversario-dos-bombeiros-municipais-de-sardoal\/\"\n\t\t\t  \tdata-numposts = \"10\"\n\t\t\t  \tdata-lazy = \"true\"\n\t\t\t\tdata-colorscheme = \"light\"\n\t\t\t\tdata-order-by = \"social\"\n\t\t\t\tdata-mobile=true>\n\t\t\t  <\/div><\/div>\n\t\t  <style>\n\t\t    .fb-background-color {\n\t\t\t\tbackground:  !important;\n\t\t\t}\n\t\t\t.fb_iframe_widget_fluid_desktop iframe {\n\t\t\t    width: 100% !important;\n\t\t\t}\n\t\t  <\/style>\n\t\t  ","protected":false},"excerpt":{"rendered":"<p>O Ministro da Administra\u00e7\u00e3o Interna, Eduardo Cabrita, marcar\u00e1 presen\u00e7a na Cerim\u00f3nia do 66.\u00ba Anivers\u00e1rio dos Bombeiros Municipais de Sardoal que ter\u00e1 lugar no dia 2 de novembro, no Centro Cultural Gil Vicente. As comemora\u00e7\u00f5es ter\u00e3o in\u00edcio \u00e0s 14h15m com uma romagem ao cemit\u00e9rio numa homenagem aos Bombeiros falecidos, seguindo-se um desfile apeado pelas ruas da [&hellip;]<\/p>\n","protected":false},"author":1,"featured_media":0,"comment_status":"open","ping_status":"closed","sticky":false,"template":"","format":"standard","meta":{"_acf_changed":false,"footnotes":""},"categories":[51],"tags":[],"class_list":{"0":"post-12765","1":"post","2":"type-post","3":"status-publish","4":"format-standard","6":"category-breves"},"acf":[],"_links":{"self":[{"href":"https:\/\/www.entroncamentoonline.pt\/portal\/wp-json\/wp\/v2\/posts\/12765","targetHints":{"allow":["GET"]}}],"collection":[{"href":"https:\/\/www.entroncamentoonline.pt\/portal\/wp-json\/wp\/v2\/posts"}],"about":[{"href":"https:\/\/www.entroncamentoonline.pt\/portal\/wp-json\/wp\/v2\/types\/post"}],"author":[{"embeddable":true,"href":"https:\/\/www.entroncamentoonline.pt\/portal\/wp-json\/wp\/v2\/users\/1"}],"replies":[{"embeddable":true,"href":"https:\/\/www.entroncamentoonline.pt\/portal\/wp-json\/wp\/v2\/comments?post=12765"}],"version-history":[{"count":0,"href":"https:\/\/www.entroncamentoonline.pt\/portal\/wp-json\/wp\/v2\/posts\/12765\/revisions"}],"wp:attachment":[{"href":"https:\/\/www.entroncamentoonline.pt\/portal\/wp-json\/wp\/v2\/media?parent=12765"}],"wp:term":[{"taxonomy":"category","embeddable":true,"href":"https:\/\/www.entroncamentoonline.pt\/portal\/wp-json\/wp\/v2\/categories?post=12765"},{"taxonomy":"post_tag","embeddable":true,"href":"https:\/\/www.entroncamentoonline.pt\/portal\/wp-json\/wp\/v2\/tags?post=12765"}],"curies":[{"name":"wp","href":"https:\/\/api.w.org\/{rel}","templated":true}]}}