{"id":12643,"date":"2019-10-26T08:51:44","date_gmt":"2019-10-26T07:51:44","guid":{"rendered":"https:\/\/www.entroncamentoonline.pt\/portal\/?p=12643"},"modified":"2019-10-27T09:28:58","modified_gmt":"2019-10-27T09:28:58","slug":"33abaja-de-portalegre-dupla-de-tomar-em-luta-pelo-titulo-de-tt","status":"publish","type":"post","link":"https:\/\/www.entroncamentoonline.pt\/portal\/33abaja-de-portalegre-dupla-de-tomar-em-luta-pelo-titulo-de-tt\/","title":{"rendered":"33\u00aaBaja de Portalegre | Dupla de Tomar em luta pelo t\u00edtulo de TT"},"content":{"rendered":"<p>Ap\u00f3s o primeiro dia de prova e depois de disputados os dois primeiros sectores selectivos (SS1 e SS2) a equipa Pedro Dias da Silva \/Jos\u00e9 Janela ocupam o 11\u00ba lugar da geral. De salientar que estes pilotos se encontram a &#8220;lutar&#8221; pelo t\u00edtulo nacional de TT.<\/p>\n<p>Hoje, s\u00e1bado 26 de outubro, ir\u00e3o disputar-se mais dois sectores selectivos com mais de 400 Km para percorrer e, no seu percurso, os concorrentes passar\u00e3o perto de Ulme, concelho da Chamusca.<\/p>\n<p>Esperemos que esta dupla de Tomar e o sua Ford MO EXR05 Proto consigam atingir o t\u00edtulo que est\u00e1 ainda em disputa e que s\u00f3 tr\u00eas equipas ainda podem atingir.<\/p>\n<p>Texto e foto de Jo\u00e3o Lopes<\/p>\n<div class=\"fb-background-color\">\n\t\t\t  <div \n\t\t\t  \tclass = \"fb-comments\" \n\t\t\t  \tdata-href = \"https:\/\/www.entroncamentoonline.pt\/portal\/33abaja-de-portalegre-dupla-de-tomar-em-luta-pelo-titulo-de-tt\/\"\n\t\t\t  \tdata-numposts = \"10\"\n\t\t\t  \tdata-lazy = \"true\"\n\t\t\t\tdata-colorscheme = \"light\"\n\t\t\t\tdata-order-by = \"social\"\n\t\t\t\tdata-mobile=true>\n\t\t\t  <\/div><\/div>\n\t\t  <style>\n\t\t    .fb-background-color {\n\t\t\t\tbackground:  !important;\n\t\t\t}\n\t\t\t.fb_iframe_widget_fluid_desktop iframe {\n\t\t\t    width: 100% !important;\n\t\t\t}\n\t\t  <\/style>\n\t\t  ","protected":false},"excerpt":{"rendered":"<p>Ap\u00f3s o primeiro dia de prova e depois de disputados os dois primeiros sectores selectivos (SS1 e SS2) a equipa Pedro Dias da Silva \/Jos\u00e9 Janela ocupam o 11\u00ba lugar da geral. De salientar que estes pilotos se encontram a &#8220;lutar&#8221; pelo t\u00edtulo nacional de TT. Hoje, s\u00e1bado 26 de outubro, ir\u00e3o disputar-se mais dois [&hellip;]<\/p>\n","protected":false},"author":1,"featured_media":12644,"comment_status":"open","ping_status":"closed","sticky":false,"template":"","format":"standard","meta":{"_acf_changed":false,"footnotes":""},"categories":[1],"tags":[],"class_list":{"0":"post-12643","1":"post","2":"type-post","3":"status-publish","4":"format-standard","5":"has-post-thumbnail","7":"category-sem-categoria"},"acf":[],"_links":{"self":[{"href":"https:\/\/www.entroncamentoonline.pt\/portal\/wp-json\/wp\/v2\/posts\/12643","targetHints":{"allow":["GET"]}}],"collection":[{"href":"https:\/\/www.entroncamentoonline.pt\/portal\/wp-json\/wp\/v2\/posts"}],"about":[{"href":"https:\/\/www.entroncamentoonline.pt\/portal\/wp-json\/wp\/v2\/types\/post"}],"author":[{"embeddable":true,"href":"https:\/\/www.entroncamentoonline.pt\/portal\/wp-json\/wp\/v2\/users\/1"}],"replies":[{"embeddable":true,"href":"https:\/\/www.entroncamentoonline.pt\/portal\/wp-json\/wp\/v2\/comments?post=12643"}],"version-history":[{"count":0,"href":"https:\/\/www.entroncamentoonline.pt\/portal\/wp-json\/wp\/v2\/posts\/12643\/revisions"}],"wp:featuredmedia":[{"embeddable":true,"href":"https:\/\/www.entroncamentoonline.pt\/portal\/wp-json\/wp\/v2\/media\/12644"}],"wp:attachment":[{"href":"https:\/\/www.entroncamentoonline.pt\/portal\/wp-json\/wp\/v2\/media?parent=12643"}],"wp:term":[{"taxonomy":"category","embeddable":true,"href":"https:\/\/www.entroncamentoonline.pt\/portal\/wp-json\/wp\/v2\/categories?post=12643"},{"taxonomy":"post_tag","embeddable":true,"href":"https:\/\/www.entroncamentoonline.pt\/portal\/wp-json\/wp\/v2\/tags?post=12643"}],"curies":[{"name":"wp","href":"https:\/\/api.w.org\/{rel}","templated":true}]}}