{"id":12256,"date":"2019-10-14T16:09:24","date_gmt":"2019-10-14T15:09:24","guid":{"rendered":"https:\/\/www.entroncamentoonline.pt\/portal\/?p=12256"},"modified":"2019-10-14T16:09:24","modified_gmt":"2019-10-14T15:09:24","slug":"bosnia-e-servia-marcam-presenca-no-nersant-business-2019","status":"publish","type":"post","link":"https:\/\/www.entroncamentoonline.pt\/portal\/bosnia-e-servia-marcam-presenca-no-nersant-business-2019\/","title":{"rendered":"B\u00f3snia e S\u00e9rvia marcam presen\u00e7a no NERSANT Business 2019"},"content":{"rendered":"<p><span style=\"color: #666666;\">Mais de tr\u00eas dezenas de delega\u00e7\u00f5es internacionais v\u00e3o estar na 8.\u00aa edi\u00e7\u00e3o do NERSANT Business &#8211; Encontro Internacional de Neg\u00f3cios do Ribatejo, para importar produtos da regi\u00e3o. B\u00f3snia e S\u00e9rvia acabam de se juntar aos pa\u00edses presentes no evento e procuram agendar reuni\u00f5es com empresas nacionais do setor da constru\u00e7\u00e3o e obras p\u00fablicas e do setor da alimenta\u00e7\u00e3o e bebidas.<\/span><\/p>\n<p>Com o objetivo de alavancar as exporta\u00e7\u00f5es das empresas da regi\u00e3o, a NERSANT &#8211; Associa\u00e7\u00e3o Empresarial da Regi\u00e3o de Santar\u00e9m realiza desde 2012, o NERSANT Business &#8211; Encontro Internacional de Neg\u00f3cios do Ribatejo, que conduz\u00a0anualmente \u00e0 regi\u00e3o dezenas de importadores de todo o mundo que trazem na manga oportunidade de neg\u00f3cio para as empresas do Ribatejo e do pa\u00eds.<\/p>\n<p>Os resultados anuais do evento, que permite a realiza\u00e7\u00e3o, no mesmo tempo e espa\u00e7o, de reuni\u00f5es B2B com diversos pa\u00edses, t\u00eam sido bastante positivos, com as empresas da regi\u00e3o participantes a evidenciar aumento das suas exporta\u00e7\u00f5es, por um lado, e os importadores estrangeiros a evidenciar mais neg\u00f3cio com o pa\u00eds. Os factos resultam num evento cada vez mais procurado a n\u00edvel internacional e nacional: de seis delega\u00e7\u00f5es estrangeiras participantes na edi\u00e7\u00e3o piorneira, em 2012, o evento atingiu, o ano passado, a participa\u00e7\u00e3o recorde de 38 pa\u00edses e mais de 1100 reuni\u00f5es de neg\u00f3cio realizadas com as empresas nacionais.<\/p>\n<p>B\u00f3snia e S\u00e9rvia foram os mais recentes pa\u00edses a confirmar presen\u00e7a no evento e v\u00eam ao evento com objetivos bastante claros, nomeadamente na \u00e1rea da constru\u00e7\u00e3o civil e obras p\u00fablicas e na \u00e1rea dos produtos alimentares, dois dos setores fortes desta edi\u00e7\u00e3o do evento.<\/p>\n<p>No caso da B\u00f3snia, a delega\u00e7\u00e3o integra empresas que se dedicam \u00e0 constru\u00e7\u00e3o de edif\u00edcios, estradas, ferrovias, t\u00faneis, pontes, abastecimento de \u00e1gua e sistemas de esgoto, bem como outras infraestruturas de servi\u00e7os p\u00fablicos, e vem \u00e0 procura fornecedores e parceiros nas \u00e1reas da constru\u00e7\u00e3o civil e obras p\u00fablicas e dos materiais de constru\u00e7\u00e3o. A S\u00e9rvia vem ao Encontro com o objetivo de conhecer e potenciar neg\u00f3cio com empresas do setor da alimenta\u00e7\u00e3o e bebidas.<\/p>\n<p>Neste momento, a NERSANT est\u00e1 a ultimar o calend\u00e1rio de reuni\u00f5es B2B das delega\u00e7\u00f5es presentes, pelo que as empresas nacionais que ainda pretendam integrar o cronograma de trabalho, devem manifestar o seu interesse o quanto antes junto da associa\u00e7\u00e3o empresarial. Para mais informa\u00e7\u00f5es, os interessados devem consultar o portal do evento, em <a href=\"http:\/\/www.business.nersant.pt\">www.business.nersant.pt<\/a> ou enviar e-mail para <a href=\"mailto:business@nersant.pt\">business@nersant.pt<\/a>. O contacto telef\u00f3nico 249 839 500 est\u00e1 tamb\u00e9m \u00e0 disposi\u00e7\u00e3o para mais esclarecimentos.<\/p>\n<p>De referir que o NERSANT Business 2019 integra uma das a\u00e7\u00f5es do projeto &#8220;Neg\u00f3cios no Mundo&#8221;, vocacionado para a potencializa\u00e7\u00e3o da internacionaliza\u00e7\u00e3o das PME nacionais. O mesmo pretende envolver diretamente 150 empresas de Portugal Continental que apresentam reduzidos valores de exporta\u00e7\u00e3o, que procuram diversificar a sua presen\u00e7a no exterior, bem como a sua rede de parceiros internacionais em novos mercados. Trata-se de um projeto financiado pelo Portugal 2020 e resulta de uma candidatura da AIP &#8211; Associa\u00e7\u00e3o Industrial Portuguesa ao Sistema de Incentivos &#8220;Internacionaliza\u00e7\u00e3o das PME&#8221;, na modalidade de Projetos Conjuntos, em copromo\u00e7\u00e3o com sete associa\u00e7\u00f5es empresariais. S\u00e3o elas a NERSANT, a AEBB &#8211; Associa\u00e7\u00e3o Empresarial da Beira Baixa (Castelo Branco), NERA &#8211; Associa\u00e7\u00e3o Empresarial da Regi\u00e3o do Algarve (Faro), NERBE &#8211; N\u00facleo Empresarial da Regi\u00e3o de Beja, AEBAL &#8211; Associa\u00e7\u00e3o Empresarial do Baixo Alentejo e Litoral (Beja), NERC &#8211; Associa\u00e7\u00e3o Empresarial da Regi\u00e3o da Coimbra, NERE &#8211; N\u00facleo Empresarial da Regi\u00e3o de \u00c9vora e a NERPOR &#8211; Associa\u00e7\u00e3o Empresarial da Regi\u00e3o de Portalegre.<\/p>\n<div class=\"fb-background-color\">\n\t\t\t  <div \n\t\t\t  \tclass = \"fb-comments\" \n\t\t\t  \tdata-href = \"https:\/\/www.entroncamentoonline.pt\/portal\/bosnia-e-servia-marcam-presenca-no-nersant-business-2019\/\"\n\t\t\t  \tdata-numposts = \"10\"\n\t\t\t  \tdata-lazy = \"true\"\n\t\t\t\tdata-colorscheme = \"light\"\n\t\t\t\tdata-order-by = \"social\"\n\t\t\t\tdata-mobile=true>\n\t\t\t  <\/div><\/div>\n\t\t  <style>\n\t\t    .fb-background-color {\n\t\t\t\tbackground:  !important;\n\t\t\t}\n\t\t\t.fb_iframe_widget_fluid_desktop iframe {\n\t\t\t    width: 100% !important;\n\t\t\t}\n\t\t  <\/style>\n\t\t  ","protected":false},"excerpt":{"rendered":"<p>Mais de tr\u00eas dezenas de delega\u00e7\u00f5es internacionais v\u00e3o estar na 8.\u00aa edi\u00e7\u00e3o do NERSANT Business &#8211; Encontro Internacional de Neg\u00f3cios do Ribatejo, para importar produtos da regi\u00e3o. B\u00f3snia e S\u00e9rvia acabam de se juntar aos pa\u00edses presentes no evento e procuram agendar reuni\u00f5es com empresas nacionais do setor da constru\u00e7\u00e3o e obras p\u00fablicas e do [&hellip;]<\/p>\n","protected":false},"author":1,"featured_media":0,"comment_status":"open","ping_status":"closed","sticky":false,"template":"","format":"standard","meta":{"_acf_changed":false,"footnotes":""},"categories":[51],"tags":[],"class_list":{"0":"post-12256","1":"post","2":"type-post","3":"status-publish","4":"format-standard","6":"category-breves"},"acf":[],"_links":{"self":[{"href":"https:\/\/www.entroncamentoonline.pt\/portal\/wp-json\/wp\/v2\/posts\/12256","targetHints":{"allow":["GET"]}}],"collection":[{"href":"https:\/\/www.entroncamentoonline.pt\/portal\/wp-json\/wp\/v2\/posts"}],"about":[{"href":"https:\/\/www.entroncamentoonline.pt\/portal\/wp-json\/wp\/v2\/types\/post"}],"author":[{"embeddable":true,"href":"https:\/\/www.entroncamentoonline.pt\/portal\/wp-json\/wp\/v2\/users\/1"}],"replies":[{"embeddable":true,"href":"https:\/\/www.entroncamentoonline.pt\/portal\/wp-json\/wp\/v2\/comments?post=12256"}],"version-history":[{"count":0,"href":"https:\/\/www.entroncamentoonline.pt\/portal\/wp-json\/wp\/v2\/posts\/12256\/revisions"}],"wp:attachment":[{"href":"https:\/\/www.entroncamentoonline.pt\/portal\/wp-json\/wp\/v2\/media?parent=12256"}],"wp:term":[{"taxonomy":"category","embeddable":true,"href":"https:\/\/www.entroncamentoonline.pt\/portal\/wp-json\/wp\/v2\/categories?post=12256"},{"taxonomy":"post_tag","embeddable":true,"href":"https:\/\/www.entroncamentoonline.pt\/portal\/wp-json\/wp\/v2\/tags?post=12256"}],"curies":[{"name":"wp","href":"https:\/\/api.w.org\/{rel}","templated":true}]}}