{"id":12220,"date":"2019-10-13T16:27:23","date_gmt":"2019-10-13T15:27:23","guid":{"rendered":"https:\/\/www.entroncamentoonline.pt\/portal\/?p=12220"},"modified":"2019-10-13T16:27:23","modified_gmt":"2019-10-13T15:27:23","slug":"integrarte-inaugurada-em-ourem","status":"publish","type":"post","link":"https:\/\/www.entroncamentoonline.pt\/portal\/integrarte-inaugurada-em-ourem\/","title":{"rendered":"\u201cIntegrArte\u201d inaugurada em Our\u00e9m"},"content":{"rendered":"<p>A exposi\u00e7\u00e3o \u201cIntegrArte\u201d, organizada pelo Servi\u00e7o de Psiquiatria do CHMT, EPE, inaugurada no Dia Mundial da Sa\u00fade Mental, dia 10 de outubro, est\u00e1 patente ao p\u00fablico na Biblioteca Municipal de Our\u00e9m.<\/p>\n<p>Na sess\u00e3o de abertura, e porque uma parte do p\u00fablico era constitu\u00edda por jovens estudantes, a mensagem predominante foi a de combate ao preconceito, de aceita\u00e7\u00e3o e de integra\u00e7\u00e3o dos cidad\u00e3os com doen\u00e7a mental.<\/p>\n<div id='gallery-1' class='gallery galleryid-12220 gallery-columns-4 gallery-size-thumbnail'><figure class='gallery-item'>\n\t\t\t<div class='gallery-icon landscape'>\n\t\t\t\t<a href='https:\/\/www.entroncamentoonline.pt\/portal\/integrarte-inaugurada-em-ourem\/integrarte02\/'><img loading=\"lazy\" decoding=\"async\" width=\"350\" height=\"350\" src=\"https:\/\/www.entroncamentoonline.pt\/portal\/wp-content\/uploads\/2019\/10\/Integrarte02-350x350.jpg\" class=\"attachment-thumbnail size-thumbnail\" alt=\"\" \/><\/a>\n\t\t\t<\/div><\/figure><figure class='gallery-item'>\n\t\t\t<div class='gallery-icon landscape'>\n\t\t\t\t<a href='https:\/\/www.entroncamentoonline.pt\/portal\/integrarte-inaugurada-em-ourem\/integrarte04\/'><img loading=\"lazy\" decoding=\"async\" width=\"350\" height=\"350\" src=\"https:\/\/www.entroncamentoonline.pt\/portal\/wp-content\/uploads\/2019\/10\/Integrarte04-350x350.jpg\" class=\"attachment-thumbnail size-thumbnail\" alt=\"\" \/><\/a>\n\t\t\t<\/div><\/figure><figure class='gallery-item'>\n\t\t\t<div class='gallery-icon landscape'>\n\t\t\t\t<a href='https:\/\/www.entroncamentoonline.pt\/portal\/integrarte-inaugurada-em-ourem\/integrarte01\/'><img loading=\"lazy\" decoding=\"async\" width=\"350\" height=\"350\" src=\"https:\/\/www.entroncamentoonline.pt\/portal\/wp-content\/uploads\/2019\/10\/Integrarte01-350x350.jpg\" class=\"attachment-thumbnail size-thumbnail\" alt=\"\" \/><\/a>\n\t\t\t<\/div><\/figure><figure class='gallery-item'>\n\t\t\t<div class='gallery-icon landscape'>\n\t\t\t\t<a href='https:\/\/www.entroncamentoonline.pt\/portal\/integrarte-inaugurada-em-ourem\/integrarte\/'><img loading=\"lazy\" decoding=\"async\" width=\"350\" height=\"350\" src=\"https:\/\/www.entroncamentoonline.pt\/portal\/wp-content\/uploads\/2019\/10\/Integrarte-350x350.jpg\" class=\"attachment-thumbnail size-thumbnail\" alt=\"\" \/><\/a>\n\t\t\t<\/div><\/figure>\n\t\t<\/div>\n\n<div class=\"fb-background-color\">\n\t\t\t  <div \n\t\t\t  \tclass = \"fb-comments\" \n\t\t\t  \tdata-href = \"https:\/\/www.entroncamentoonline.pt\/portal\/integrarte-inaugurada-em-ourem\/\"\n\t\t\t  \tdata-numposts = \"10\"\n\t\t\t  \tdata-lazy = \"true\"\n\t\t\t\tdata-colorscheme = \"light\"\n\t\t\t\tdata-order-by = \"social\"\n\t\t\t\tdata-mobile=true>\n\t\t\t  <\/div><\/div>\n\t\t  <style>\n\t\t    .fb-background-color {\n\t\t\t\tbackground:  !important;\n\t\t\t}\n\t\t\t.fb_iframe_widget_fluid_desktop iframe {\n\t\t\t    width: 100% !important;\n\t\t\t}\n\t\t  <\/style>\n\t\t  ","protected":false},"excerpt":{"rendered":"<p>A exposi\u00e7\u00e3o \u201cIntegrArte\u201d, organizada pelo Servi\u00e7o de Psiquiatria do CHMT, EPE, inaugurada no Dia Mundial da Sa\u00fade Mental, dia 10 de outubro, est\u00e1 patente ao p\u00fablico na Biblioteca Municipal de Our\u00e9m. Na sess\u00e3o de abertura, e porque uma parte do p\u00fablico era constitu\u00edda por jovens estudantes, a mensagem predominante foi a de combate ao preconceito, [&hellip;]<\/p>\n","protected":false},"author":1,"featured_media":12223,"comment_status":"open","ping_status":"closed","sticky":false,"template":"","format":"standard","meta":{"_acf_changed":false,"footnotes":""},"categories":[71],"tags":[],"class_list":{"0":"post-12220","1":"post","2":"type-post","3":"status-publish","4":"format-standard","5":"has-post-thumbnail","7":"category-outras-noticias"},"acf":[],"_links":{"self":[{"href":"https:\/\/www.entroncamentoonline.pt\/portal\/wp-json\/wp\/v2\/posts\/12220","targetHints":{"allow":["GET"]}}],"collection":[{"href":"https:\/\/www.entroncamentoonline.pt\/portal\/wp-json\/wp\/v2\/posts"}],"about":[{"href":"https:\/\/www.entroncamentoonline.pt\/portal\/wp-json\/wp\/v2\/types\/post"}],"author":[{"embeddable":true,"href":"https:\/\/www.entroncamentoonline.pt\/portal\/wp-json\/wp\/v2\/users\/1"}],"replies":[{"embeddable":true,"href":"https:\/\/www.entroncamentoonline.pt\/portal\/wp-json\/wp\/v2\/comments?post=12220"}],"version-history":[{"count":0,"href":"https:\/\/www.entroncamentoonline.pt\/portal\/wp-json\/wp\/v2\/posts\/12220\/revisions"}],"wp:featuredmedia":[{"embeddable":true,"href":"https:\/\/www.entroncamentoonline.pt\/portal\/wp-json\/wp\/v2\/media\/12223"}],"wp:attachment":[{"href":"https:\/\/www.entroncamentoonline.pt\/portal\/wp-json\/wp\/v2\/media?parent=12220"}],"wp:term":[{"taxonomy":"category","embeddable":true,"href":"https:\/\/www.entroncamentoonline.pt\/portal\/wp-json\/wp\/v2\/categories?post=12220"},{"taxonomy":"post_tag","embeddable":true,"href":"https:\/\/www.entroncamentoonline.pt\/portal\/wp-json\/wp\/v2\/tags?post=12220"}],"curies":[{"name":"wp","href":"https:\/\/api.w.org\/{rel}","templated":true}]}}