{"id":12173,"date":"2019-10-12T00:05:58","date_gmt":"2019-10-11T23:05:58","guid":{"rendered":"https:\/\/www.entroncamentoonline.pt\/portal\/?p=12173"},"modified":"2019-10-20T22:22:45","modified_gmt":"2019-10-20T21:22:45","slug":"12173-2","status":"publish","type":"post","link":"https:\/\/www.entroncamentoonline.pt\/portal\/12173-2\/","title":{"rendered":"Munic\u00edpio do Entroncamento | AVISO | Procedimento de recrutamento e sele\u00e7\u00e3o de estagi\u00e1rios | PEPAL"},"content":{"rendered":"<p><img loading=\"lazy\" decoding=\"async\" class=\"alignnone size-full wp-image-12175\" src=\"https:\/\/www.entroncamentoonline.pt\/portal\/wp-content\/uploads\/2019\/10\/Topo-Aviso-CME.jpg\" alt=\"\" width=\"791\" height=\"140\" srcset=\"https:\/\/www.entroncamentoonline.pt\/portal\/wp-content\/uploads\/2019\/10\/Topo-Aviso-CME.jpg 791w, https:\/\/www.entroncamentoonline.pt\/portal\/wp-content\/uploads\/2019\/10\/Topo-Aviso-CME-768x136.jpg 768w, https:\/\/www.entroncamentoonline.pt\/portal\/wp-content\/uploads\/2019\/10\/Topo-Aviso-CME-696x123.jpg 696w\" sizes=\"auto, (max-width: 791px) 100vw, 791px\" \/><\/p>\n<p style=\"text-align: center;\"><strong>Munic\u00edpio do Entroncamento<\/strong><strong>\u00a0<\/strong><\/p>\n<p style=\"text-align: center;\"><strong>AVISO<\/strong><strong>\u00a0<\/strong><\/p>\n<p>Para os devidos efeitos e no cumprimento do n.\u00ba 1 do artigo 6.\u00ba do Decreto-Lei n.\u00ba 166\/2014, de 06 de novembro, alterado e republicado pelo Decreto-Lei n.\u00ba 46\/2019 de 10 de abril, conjugado com o estabelecido no artigo 3.\u00ba da Portaria n.\u00ba 114\/2019, de 15 de abril, torna-se p\u00fablico que se encontra aberto o procedimento de recrutamento e sele\u00e7\u00e3o de estagi\u00e1rios, no \u00e2mbito da 6. Edi\u00e7\u00e3o \u2013 2.\u00aa fase do Programa de Est\u00e1gios Profissionais na Administra\u00e7\u00e3o Local (PEPAL), no Munic\u00edpio do Entroncamento, cujas candidaturas decorrem at\u00e9 ao dia 25 de outubro de 2019, inclusive, tendo em conta os est\u00e1gios atribu\u00eddos no mapa anexo ao Despacho n\u00ba 8035\/2019, de 11 de setembro:<\/p>\n<p>&#8211;\u00a0 N\u00edvel de qualifica\u00e7\u00e3o 6 &#8211; 1 est\u00e1gio para licenciados em Servi\u00e7o Social<\/p>\n<p><em>&#8211; <\/em>N\u00edvel de qualifica\u00e7\u00e3o 6 &#8211; 1 est\u00e1gio para licenciados em Direito<\/p>\n<p>&#8211; N\u00edvel de qualifica\u00e7\u00e3o 6 &#8211; 1 est\u00e1gio para licenciados em Gest\u00e3o de Empresas<\/p>\n<p>&#8211; N\u00edvel de qualifica\u00e7\u00e3o 6 &#8211; 1 est\u00e1gio para licenciados em Contabilidade<\/p>\n<p>&#8211; N\u00edvel de Qualifica\u00e7\u00e3o 6 \u2013 1 est\u00e1gio para licenciados em Arquitetura<\/p>\n<p><em>&#8211; <\/em>N\u00edvel de Qualifica\u00e7\u00e3o 6 \u2013 1 est\u00e1gio para licenciados em Engenharia Eletromec\u00e2nica<\/p>\n<p>Este procedimento encontra-se ainda publicado na DGAL, no Portal Aut\u00e1rquico, e no site do Munic\u00edpio (cm-entroncamento.pt.)<\/p>\n<p>&nbsp;<\/p>\n<p style=\"text-align: center;\">Entroncamento, 11 de outubro de 2019<\/p>\n<p style=\"text-align: center;\">O Presidente da C\u00e2mara Municipal,<\/p>\n<p style=\"text-align: center;\">Jorge Manuel Alves de Faria<\/p>\n<p><img loading=\"lazy\" decoding=\"async\" class=\"size-full wp-image-12174 aligncenter\" src=\"https:\/\/www.entroncamentoonline.pt\/portal\/wp-content\/uploads\/2019\/10\/Rodap\u00e9-Aviso-CME.jpg\" alt=\"\" width=\"798\" height=\"160\" srcset=\"https:\/\/www.entroncamentoonline.pt\/portal\/wp-content\/uploads\/2019\/10\/Rodap\u00e9-Aviso-CME.jpg 798w, https:\/\/www.entroncamentoonline.pt\/portal\/wp-content\/uploads\/2019\/10\/Rodap\u00e9-Aviso-CME-768x154.jpg 768w, https:\/\/www.entroncamentoonline.pt\/portal\/wp-content\/uploads\/2019\/10\/Rodap\u00e9-Aviso-CME-696x140.jpg 696w\" sizes=\"auto, (max-width: 798px) 100vw, 798px\" \/><\/p>\n<div class=\"fb-background-color\">\n\t\t\t  <div \n\t\t\t  \tclass = \"fb-comments\" \n\t\t\t  \tdata-href = \"https:\/\/www.entroncamentoonline.pt\/portal\/12173-2\/\"\n\t\t\t  \tdata-numposts = \"10\"\n\t\t\t  \tdata-lazy = \"true\"\n\t\t\t\tdata-colorscheme = \"light\"\n\t\t\t\tdata-order-by = \"social\"\n\t\t\t\tdata-mobile=true>\n\t\t\t  <\/div><\/div>\n\t\t  <style>\n\t\t    .fb-background-color {\n\t\t\t\tbackground:  !important;\n\t\t\t}\n\t\t\t.fb_iframe_widget_fluid_desktop iframe {\n\t\t\t    width: 100% !important;\n\t\t\t}\n\t\t  <\/style>\n\t\t  ","protected":false},"excerpt":{"rendered":"<p>Munic\u00edpio do Entroncamento\u00a0 AVISO\u00a0 Para os devidos efeitos e no cumprimento do n.\u00ba 1 do artigo 6.\u00ba do Decreto-Lei n.\u00ba 166\/2014, de 06 de novembro, alterado e republicado pelo Decreto-Lei n.\u00ba 46\/2019 de 10 de abril, conjugado com o estabelecido no artigo 3.\u00ba da Portaria n.\u00ba 114\/2019, de 15 de abril, torna-se p\u00fablico que se [&hellip;]<\/p>\n","protected":false},"author":1,"featured_media":0,"comment_status":"open","ping_status":"closed","sticky":false,"template":"","format":"standard","meta":{"_acf_changed":false,"footnotes":""},"categories":[1],"tags":[],"class_list":{"0":"post-12173","1":"post","2":"type-post","3":"status-publish","4":"format-standard","6":"category-sem-categoria"},"acf":[],"_links":{"self":[{"href":"https:\/\/www.entroncamentoonline.pt\/portal\/wp-json\/wp\/v2\/posts\/12173","targetHints":{"allow":["GET"]}}],"collection":[{"href":"https:\/\/www.entroncamentoonline.pt\/portal\/wp-json\/wp\/v2\/posts"}],"about":[{"href":"https:\/\/www.entroncamentoonline.pt\/portal\/wp-json\/wp\/v2\/types\/post"}],"author":[{"embeddable":true,"href":"https:\/\/www.entroncamentoonline.pt\/portal\/wp-json\/wp\/v2\/users\/1"}],"replies":[{"embeddable":true,"href":"https:\/\/www.entroncamentoonline.pt\/portal\/wp-json\/wp\/v2\/comments?post=12173"}],"version-history":[{"count":0,"href":"https:\/\/www.entroncamentoonline.pt\/portal\/wp-json\/wp\/v2\/posts\/12173\/revisions"}],"wp:attachment":[{"href":"https:\/\/www.entroncamentoonline.pt\/portal\/wp-json\/wp\/v2\/media?parent=12173"}],"wp:term":[{"taxonomy":"category","embeddable":true,"href":"https:\/\/www.entroncamentoonline.pt\/portal\/wp-json\/wp\/v2\/categories?post=12173"},{"taxonomy":"post_tag","embeddable":true,"href":"https:\/\/www.entroncamentoonline.pt\/portal\/wp-json\/wp\/v2\/tags?post=12173"}],"curies":[{"name":"wp","href":"https:\/\/api.w.org\/{rel}","templated":true}]}}