{"id":11870,"date":"2019-10-04T19:47:59","date_gmt":"2019-10-04T18:47:59","guid":{"rendered":"https:\/\/www.entroncamentoonline.pt\/portal\/?p=11870"},"modified":"2019-10-04T23:38:20","modified_gmt":"2019-10-04T22:38:20","slug":"candidatos-do-bloco-de-esquerda-pelo-distrito-visitam-o-cere","status":"publish","type":"post","link":"https:\/\/www.entroncamentoonline.pt\/portal\/candidatos-do-bloco-de-esquerda-pelo-distrito-visitam-o-cere\/","title":{"rendered":"Candidatos do Bloco de Esquerda pelo Distrito visitam o CERE"},"content":{"rendered":"<p>A cabe\u00e7a de Lista do Bloco de Esquerda pelo distrito de Santar\u00e9m \u00e0s elei\u00e7\u00f5es Legislativas do pr\u00f3ximo domingo (2019\/10\/06), Fab\u00edola Cardoso e o tamb\u00e9m candidato a deputado e autarca do Entroncamento, Manuel Borrego, assim como o mandat\u00e1rio da lista Eduardo Jorge e outros acompanhantes, efetuaram hoje uma visita ao CERE \u2013 Centro de Educa\u00e7\u00e3o e Recupera\u00e7\u00e3o do Entroncamento, tendo sido recebidos pelo seu presidente, Professor David Ramos.<\/p>\n<p>Fab\u00edola Cardoso, inteirou-se da a\u00e7\u00e3o desenvolvida pela institui\u00e7\u00e3o, a sua hist\u00f3ria de vida, atividade no presente e projetos futuros. Visitou e inteirou-se da sua a\u00e7\u00e3o na vertente das val\u00eancias dispon\u00edveis nas suas instala\u00e7\u00f5es, como sejam: o Lar Residencial, atualmente com 22 residentes; o Centro de Atividades Ocupacionais (CAO), no qual desenvolvem \u201catividades para pessoas com idade igual ou superior a 18 anos cujas capacidades n\u00e3o permitam tempor\u00e1ria ou permanentemente o exerc\u00edcio de uma atividade produtiva\u201d; a Val\u00eancia Socioeducativa, para jovens dos 6 aos 18 anos, na qual valorizam a sua independ\u00eancia pessoal e social.<\/p>\n<figure id=\"attachment_11871\" aria-describedby=\"caption-attachment-11871\" style=\"width: 345px\" class=\"wp-caption alignleft\"><img loading=\"lazy\" decoding=\"async\" class=\"wp-image-11871\" src=\"https:\/\/www.entroncamentoonline.pt\/portal\/wp-content\/uploads\/2019\/10\/PHOTO-2019-10-04-14-15-40.jpg\" alt=\"\" width=\"345\" height=\"460\" srcset=\"https:\/\/www.entroncamentoonline.pt\/portal\/wp-content\/uploads\/2019\/10\/PHOTO-2019-10-04-14-15-40.jpg 433w, https:\/\/www.entroncamentoonline.pt\/portal\/wp-content\/uploads\/2019\/10\/PHOTO-2019-10-04-14-15-40-315x420.jpg 315w\" sizes=\"auto, (max-width: 345px) 100vw, 345px\" \/><figcaption id=\"caption-attachment-11871\" class=\"wp-caption-text\">Foto Bloco Esquerda<\/figcaption><\/figure>\n<p>Tamb\u00e9m tomou conhecimento das sua val\u00eancias de cariz comunit\u00e1rio, como sejam: o Centro de Recursos para a Inclus\u00e3o (CRI), o qual proporciona apoio aos alunos dos Agrupamentos de Escolas dos concelhos do Entroncamento e da Chamusca; no \u00e2mbito do Sistema Nacional de Interven\u00e7\u00e3o Precoce Infantil (SNIPI), apoio integrado centrado na crian\u00e7a e na fam\u00edlia, numa perspetiva preventiva e habilitadora, na envolvente da educa\u00e7\u00e3o e da sa\u00fade e a\u00e7\u00e3o social; assim como Servi\u00e7o de Apoio Domicili\u00e1rio (SADE) com o qual presta cuidados diferenciados e individualizados \u00e0 pessoa com defici\u00eancia mental, motora ou sensorial, em situa\u00e7\u00e3o de domicilio a partir dos 16 anos.<\/p>\n<p>Os candidatos do Bloco de Esquerda valorizaram o imprescind\u00edvel trabalho, desenvolvido pelo CERE e outras institui\u00e7\u00f5es com os mesmos fins, tendo partilhado com os respons\u00e1veis da institui\u00e7\u00e3o as suas propostas integrantes do seu programa eleitoral, assim como no Manifesto Eleitoral das\/os candidatas\/os com defici\u00eancia do Bloco de Esquerda \u00e0s Elei\u00e7\u00f5es Legislativas de 2019.<\/p>\n<div class=\"fb-background-color\">\n\t\t\t  <div \n\t\t\t  \tclass = \"fb-comments\" \n\t\t\t  \tdata-href = \"https:\/\/www.entroncamentoonline.pt\/portal\/candidatos-do-bloco-de-esquerda-pelo-distrito-visitam-o-cere\/\"\n\t\t\t  \tdata-numposts = \"10\"\n\t\t\t  \tdata-lazy = \"true\"\n\t\t\t\tdata-colorscheme = \"light\"\n\t\t\t\tdata-order-by = \"social\"\n\t\t\t\tdata-mobile=true>\n\t\t\t  <\/div><\/div>\n\t\t  <style>\n\t\t    .fb-background-color {\n\t\t\t\tbackground:  !important;\n\t\t\t}\n\t\t\t.fb_iframe_widget_fluid_desktop iframe {\n\t\t\t    width: 100% !important;\n\t\t\t}\n\t\t  <\/style>\n\t\t  ","protected":false},"excerpt":{"rendered":"<p>A cabe\u00e7a de Lista do Bloco de Esquerda pelo distrito de Santar\u00e9m \u00e0s elei\u00e7\u00f5es Legislativas do pr\u00f3ximo domingo (2019\/10\/06), Fab\u00edola Cardoso e o tamb\u00e9m candidato a deputado e autarca do Entroncamento, Manuel Borrego, assim como o mandat\u00e1rio da lista Eduardo Jorge e outros acompanhantes, efetuaram hoje uma visita ao CERE \u2013 Centro de Educa\u00e7\u00e3o e [&hellip;]<\/p>\n","protected":false},"author":1,"featured_media":11872,"comment_status":"open","ping_status":"closed","sticky":false,"template":"","format":"standard","meta":{"_acf_changed":false,"footnotes":""},"categories":[1],"tags":[],"class_list":{"0":"post-11870","1":"post","2":"type-post","3":"status-publish","4":"format-standard","5":"has-post-thumbnail","7":"category-sem-categoria"},"acf":[],"_links":{"self":[{"href":"https:\/\/www.entroncamentoonline.pt\/portal\/wp-json\/wp\/v2\/posts\/11870","targetHints":{"allow":["GET"]}}],"collection":[{"href":"https:\/\/www.entroncamentoonline.pt\/portal\/wp-json\/wp\/v2\/posts"}],"about":[{"href":"https:\/\/www.entroncamentoonline.pt\/portal\/wp-json\/wp\/v2\/types\/post"}],"author":[{"embeddable":true,"href":"https:\/\/www.entroncamentoonline.pt\/portal\/wp-json\/wp\/v2\/users\/1"}],"replies":[{"embeddable":true,"href":"https:\/\/www.entroncamentoonline.pt\/portal\/wp-json\/wp\/v2\/comments?post=11870"}],"version-history":[{"count":0,"href":"https:\/\/www.entroncamentoonline.pt\/portal\/wp-json\/wp\/v2\/posts\/11870\/revisions"}],"wp:featuredmedia":[{"embeddable":true,"href":"https:\/\/www.entroncamentoonline.pt\/portal\/wp-json\/wp\/v2\/media\/11872"}],"wp:attachment":[{"href":"https:\/\/www.entroncamentoonline.pt\/portal\/wp-json\/wp\/v2\/media?parent=11870"}],"wp:term":[{"taxonomy":"category","embeddable":true,"href":"https:\/\/www.entroncamentoonline.pt\/portal\/wp-json\/wp\/v2\/categories?post=11870"},{"taxonomy":"post_tag","embeddable":true,"href":"https:\/\/www.entroncamentoonline.pt\/portal\/wp-json\/wp\/v2\/tags?post=11870"}],"curies":[{"name":"wp","href":"https:\/\/api.w.org\/{rel}","templated":true}]}}