{"id":11866,"date":"2019-10-04T17:05:06","date_gmt":"2019-10-04T16:05:06","guid":{"rendered":"https:\/\/www.entroncamentoonline.pt\/portal\/?p=11866"},"modified":"2019-10-16T23:58:44","modified_gmt":"2019-10-16T22:58:44","slug":"trabalhadores-da-distribuicao-dos-ctt-do-entroncamento-vao-entrar-em-greve-na-terca-feira","status":"publish","type":"post","link":"https:\/\/www.entroncamentoonline.pt\/portal\/trabalhadores-da-distribuicao-dos-ctt-do-entroncamento-vao-entrar-em-greve-na-terca-feira\/","title":{"rendered":"Trabalhadores da distribui\u00e7\u00e3o dos CTT do Entroncamento v\u00e3o entrar em greve na ter\u00e7a-feira"},"content":{"rendered":"<p>O Sindicato Nacional dos Trabalhadores dos Correios e Telecomunica\u00e7\u00f5es anunciou em comunicado que os trabalhadores do CDP do Entroncamento, v\u00e3o entrar em greve de 8 a 15 de outubro.<\/p>\n<p>Segundo o sindicato as raz\u00f5es para a luta dos trabalhadores, centra-se na \u201cm\u00e1 organiza\u00e7\u00e3o do servi\u00e7o aliada a uma gritante falta de trabalhadores, com consequ\u00eancias graves para os utentes, nomeadamente atrasos na distribui\u00e7\u00e3o, muitas vezes com graves consequ\u00eancias\u201d, considerando ainda que \u201co clima laboral est\u00e1 completamente degradado e dificilmente ser\u00e1 alterado, a menos que os CTT tomem medidas no sentido de acabar com a falta de respeito e a prepot\u00eancia\u201d, dizem.<\/p>\n<p>Os trabalhadores prometem todos os dias entre as 08H30 e as 10H30, efetuarem uma concentra\u00e7\u00e3o\/manifesta\u00e7\u00e3o, frente \u00e0 Esta\u00e7\u00e3o de Correios do Entroncamento.<\/p>\n<div class=\"fb-background-color\">\n\t\t\t  <div \n\t\t\t  \tclass = \"fb-comments\" \n\t\t\t  \tdata-href = \"https:\/\/www.entroncamentoonline.pt\/portal\/trabalhadores-da-distribuicao-dos-ctt-do-entroncamento-vao-entrar-em-greve-na-terca-feira\/\"\n\t\t\t  \tdata-numposts = \"10\"\n\t\t\t  \tdata-lazy = \"true\"\n\t\t\t\tdata-colorscheme = \"light\"\n\t\t\t\tdata-order-by = \"social\"\n\t\t\t\tdata-mobile=true>\n\t\t\t  <\/div><\/div>\n\t\t  <style>\n\t\t    .fb-background-color {\n\t\t\t\tbackground:  !important;\n\t\t\t}\n\t\t\t.fb_iframe_widget_fluid_desktop iframe {\n\t\t\t    width: 100% !important;\n\t\t\t}\n\t\t  <\/style>\n\t\t  ","protected":false},"excerpt":{"rendered":"<p>O Sindicato Nacional dos Trabalhadores dos Correios e Telecomunica\u00e7\u00f5es anunciou em comunicado que os trabalhadores do CDP do Entroncamento, v\u00e3o entrar em greve de 8 a 15 de outubro. Segundo o sindicato as raz\u00f5es para a luta dos trabalhadores, centra-se na \u201cm\u00e1 organiza\u00e7\u00e3o do servi\u00e7o aliada a uma gritante falta de trabalhadores, com consequ\u00eancias graves [&hellip;]<\/p>\n","protected":false},"author":1,"featured_media":11867,"comment_status":"open","ping_status":"closed","sticky":false,"template":"","format":"standard","meta":{"_acf_changed":false,"footnotes":""},"categories":[1],"tags":[],"class_list":{"0":"post-11866","1":"post","2":"type-post","3":"status-publish","4":"format-standard","5":"has-post-thumbnail","7":"category-sem-categoria"},"acf":[],"_links":{"self":[{"href":"https:\/\/www.entroncamentoonline.pt\/portal\/wp-json\/wp\/v2\/posts\/11866","targetHints":{"allow":["GET"]}}],"collection":[{"href":"https:\/\/www.entroncamentoonline.pt\/portal\/wp-json\/wp\/v2\/posts"}],"about":[{"href":"https:\/\/www.entroncamentoonline.pt\/portal\/wp-json\/wp\/v2\/types\/post"}],"author":[{"embeddable":true,"href":"https:\/\/www.entroncamentoonline.pt\/portal\/wp-json\/wp\/v2\/users\/1"}],"replies":[{"embeddable":true,"href":"https:\/\/www.entroncamentoonline.pt\/portal\/wp-json\/wp\/v2\/comments?post=11866"}],"version-history":[{"count":0,"href":"https:\/\/www.entroncamentoonline.pt\/portal\/wp-json\/wp\/v2\/posts\/11866\/revisions"}],"wp:featuredmedia":[{"embeddable":true,"href":"https:\/\/www.entroncamentoonline.pt\/portal\/wp-json\/wp\/v2\/media\/11867"}],"wp:attachment":[{"href":"https:\/\/www.entroncamentoonline.pt\/portal\/wp-json\/wp\/v2\/media?parent=11866"}],"wp:term":[{"taxonomy":"category","embeddable":true,"href":"https:\/\/www.entroncamentoonline.pt\/portal\/wp-json\/wp\/v2\/categories?post=11866"},{"taxonomy":"post_tag","embeddable":true,"href":"https:\/\/www.entroncamentoonline.pt\/portal\/wp-json\/wp\/v2\/tags?post=11866"}],"curies":[{"name":"wp","href":"https:\/\/api.w.org\/{rel}","templated":true}]}}