{"id":1185,"date":"2018-12-08T09:19:17","date_gmt":"2018-12-08T08:19:17","guid":{"rendered":"http:\/\/www.entroncamentoonline.pt\/portal\/?p=1185"},"modified":"2019-01-15T10:00:05","modified_gmt":"2019-01-15T10:00:05","slug":"um-pais-de-alteracoes-climaticas-e-em-mudanca-na-protecao-civil","status":"publish","type":"post","link":"https:\/\/www.entroncamentoonline.pt\/portal\/um-pais-de-alteracoes-climaticas-e-em-mudanca-na-protecao-civil\/","title":{"rendered":"RODRIGO BERTELO | Um Pa\u00eds de Altera\u00e7\u00f5es Clim\u00e1ticas e em Mudan\u00e7a na Prote\u00e7\u00e3o Civil"},"content":{"rendered":"<div>\n<figure id=\"attachment_1172\" aria-describedby=\"caption-attachment-1172\" style=\"width: 257px\" class=\"wp-caption alignnone\"><img loading=\"lazy\" decoding=\"async\" class=\"wp-image-1172\" src=\"https:\/\/www.entroncamentoonline.pt\/portal\/wp-content\/uploads\/2018\/12\/RodrigoBertelo1.jpg\" alt=\"\" width=\"257\" height=\"256\" \/><figcaption id=\"caption-attachment-1172\" class=\"wp-caption-text\">Rodrigo Bertelo rodrigo.bertelo@entroncamentoonline.pt<\/figcaption><\/figure>\n<\/div>\n<div>Dizia um artigo do \u201cObservador\u201d h\u00e1 uns tempos atr\u00e1s: \u201cCombatem as chamas at\u00e9 ao \u00faltimo homem, mas o trabalho dos bombeiros portugueses n\u00e3o se resume a extinguir fogos. S\u00e3o socorristas, transportam doentes, atuam em situa\u00e7\u00f5es de risco e at\u00e9 arrombam portas quando algu\u00e9m se esquece da chave de casa. Hoje em dia, s\u00e3o o principal agente da Autoridade Nacional de Prote\u00e7\u00e3o Civil e, apesar de ganharem maior destaque nos meses quentes de ver\u00e3o, s\u00f3 7% da sua atividade \u00e9 que est\u00e1 relacionada com fogos florestais. Na maioria das vezes n\u00e3o recebem sal\u00e1rio, mas n\u00e3o se importam com isso. O que fazem, fazem por gosto \u2014 pela paix\u00e3o por uma profiss\u00e3o que \u00e9 muito mais do que isso. Ser bombeiro \u00e9 uma forma de vida.\u201d<\/div>\n<div><\/div>\n<div>Verdade\u2026 Fazemo-lo porque queremos, mas tamb\u00e9m n\u00e3o \u00e9 menos verdade que sentimos que na maior parte das vezes somos remetidos para segundo plano.<\/div>\n<div><\/div>\n<div>Somos cerca de 30 mil bombeiros no ativo em Portugal e desses apenas cerca de 8 a 9% s\u00e3o profissionais. Mas o problema nem \u00e9 esse, porque respeitamos os profissionais e trabalhamos todos para o mesmo fim. A quest\u00e3o maior neste momento \u00e9 que SOMOS definitivamente o PRINCIPAL AGENTE DE PROTE\u00c7\u00c3O CIVIL em Portugal e SOMOS esquecidos cerca de 290 dias por ano pela maior parte da popula\u00e7\u00e3o portuguesa.<\/div>\n<div><\/div>\n<div>O mesmo artigo referia ainda: \u201cS\u00e3o tamb\u00e9m os bombeiros que fazem o transporte de emerg\u00eancia de doentes e que atuam em situa\u00e7\u00f5es de socorro, trabalhando em conjunto com o INEM. \u201cOs bombeiros s\u00e3o respons\u00e1veis por 95% da atividade do INEM. At\u00e9 muitas vezes, quando dizem \u2018j\u00e1 chegou o INEM!\u2019, o que chegou foi o carro porque quem l\u00e1 vai s\u00e3o os bombeiros. Os bombeiros s\u00e3o hoje o principal agente da prote\u00e7\u00e3o civil em Portugal, porque em todos os teatros de opera\u00e7\u00f5es andam na ordem de 97%.\u201d<\/div>\n<div><\/div>\n<div>Mas volto a referir, n\u00e3o \u00e9 esse o problema!<\/div>\n<div>O problema vem das bases, \u00e9 uma quest\u00e3o de educa\u00e7\u00e3o e cidadania.<\/div>\n<div><\/div>\n<div>As popula\u00e7\u00f5es antigamente defendiam-se e n\u00e3o esperavam que o Estado as socorresse, pois podia n\u00e3o haver Estado.<\/div>\n<div>Com os efeitos das altera\u00e7\u00f5es clim\u00e1ticas a virem cada vez mais a tema de conversa, tais como as altas temperaturas, os grandes inc\u00eandios ou a eros\u00e3o costeira, o socorro poder\u00e1 ter de passar, numa primeira fase, por a implementa\u00e7\u00e3o de medidas de autoprote\u00e7\u00e3o por parte das popula\u00e7\u00f5es e torn\u00e1-las assim mais resilientes.<\/div>\n<div><\/div>\n<div>Numa situa\u00e7\u00e3o de cat\u00e1strofe, com m\u00faltiplos cen\u00e1rios no Pa\u00eds, poder\u00e1 n\u00e3o existir resposta suficiente e atempada, nem um bombeiro \u00e0 porta de cada fam\u00edlia para os socorrer, sendo importante as pessoas terem no\u00e7\u00e3o disto e prepararem-se.<\/div>\n<div><\/div>\n<div>Nesta linha, a conce\u00e7\u00e3o de prote\u00e7\u00e3o civil (centrada nas abordagens reativas da gest\u00e3o dos desastres), tem de ceder o passo \u00e0 prioriza\u00e7\u00e3o e institucionaliza\u00e7\u00e3o do planeamento preventivo e \u00e0 prepara\u00e7\u00e3o comunit\u00e1ria, na governa\u00e7\u00e3o dos territ\u00f3rios, ligando todos os agentes na filosofia de que \u201ca prote\u00e7\u00e3o civil somos todos n\u00f3s\u201d e reaprendendo o viver solidariamente neste mundo de riscos globalizados, porque \u201co problema do meu vizinho passa tamb\u00e9m a ser meu\u201d.<\/div>\n<div><\/div>\n<div>Um exemplo disso foi o lan\u00e7amento do projeto \u201cAldeias Seguras Pessoas Seguras\u201d da ANPC, que visa estabelecer \u201cmedidas estruturais para prote\u00e7\u00e3o de pessoas e bens, e dos edificados na interface urbano-florestal, com a implementa\u00e7\u00e3o e gest\u00e3o de zonas de prote\u00e7\u00e3o aos aglomerados e de infraestruturas estrat\u00e9gicas, identificando pontos cr\u00edticos e locais de ref\u00fagio\u201d.<\/div>\n<div><\/div>\n<div>Tamb\u00e9m a promo\u00e7\u00e3o de \u201ca\u00e7\u00f5es de sensibiliza\u00e7\u00e3o para a preven\u00e7\u00e3o de comportamentos de risco, medidas de autoprote\u00e7\u00e3o e realiza\u00e7\u00e3o de simulacros de planos de evacua\u00e7\u00e3o, em articula\u00e7\u00e3o com as autarquias locais\u201d, e a cria\u00e7\u00e3o de \u201cuma rede autom\u00e1tica de avisos \u00e0 popula\u00e7\u00e3o em dias de elevado risco de inc\u00eandio, com o objetivo da emiss\u00e3o de alertas para proibi\u00e7\u00e3o do uso do fogo, bem como outras atividades de risco e ainda medidas de autoprote\u00e7\u00e3o, dirigidas para p\u00fablicos espec\u00edficos\u201d, foram um exemplo da estrat\u00e9gia adotada para a cria\u00e7\u00e3o de uma maior resili\u00eancia no cidad\u00e3o.<\/div>\n<div><\/div>\n<div>Desta forma, \u00e9 poss\u00edvel contar com cidad\u00e3os mais informados com conhecimentos sobre os perigos, as normas de preven\u00e7\u00e3o e autoprote\u00e7\u00e3o e capazes de se integrarem e participarem na organiza\u00e7\u00e3o da resposta \u00e0 emerg\u00eancia, porque ningu\u00e9m \u00e9 suficiente e muito menos autossuficiente.<\/div>\n<div><\/div>\n<div>Esperemos agora pelos resultados desta tentativa de mudan\u00e7a de paradigma, sabendo de antem\u00e3o que os Bombeiros, volunt\u00e1rios ou profissionais, estar\u00e3o sempre ao lado da popula\u00e7\u00e3o.<\/div>\n<div><\/div>\n<div>A resposta pronta e r\u00e1pida do cidad\u00e3o \u00e9 t\u00e3o ou mais importante que a resposta dos servi\u00e7os de emerg\u00eancia.<\/div>\n<div>Todos juntos poderemos fazer a diferen\u00e7a.<\/div>\n<div><\/div>\n<div>Rodrigo Bertelo<\/div>\n<div><\/div>\n<div class=\"fb-background-color\">\n\t\t\t  <div \n\t\t\t  \tclass = \"fb-comments\" \n\t\t\t  \tdata-href = \"https:\/\/www.entroncamentoonline.pt\/portal\/um-pais-de-alteracoes-climaticas-e-em-mudanca-na-protecao-civil\/\"\n\t\t\t  \tdata-numposts = \"10\"\n\t\t\t  \tdata-lazy = \"true\"\n\t\t\t\tdata-colorscheme = \"light\"\n\t\t\t\tdata-order-by = \"social\"\n\t\t\t\tdata-mobile=true>\n\t\t\t  <\/div><\/div>\n\t\t  <style>\n\t\t    .fb-background-color {\n\t\t\t\tbackground:  !important;\n\t\t\t}\n\t\t\t.fb_iframe_widget_fluid_desktop iframe {\n\t\t\t    width: 100% !important;\n\t\t\t}\n\t\t  <\/style>\n\t\t  ","protected":false},"excerpt":{"rendered":"<p>Dizia um artigo do \u201cObservador\u201d h\u00e1 uns tempos atr\u00e1s: \u201cCombatem as chamas at\u00e9 ao \u00faltimo homem, mas o trabalho dos bombeiros portugueses n\u00e3o se resume a extinguir fogos. S\u00e3o socorristas, transportam doentes, atuam em situa\u00e7\u00f5es de risco e at\u00e9 arrombam portas quando algu\u00e9m se esquece da chave de casa. Hoje em dia, s\u00e3o o principal [&hellip;]<\/p>\n","protected":false},"author":18,"featured_media":0,"comment_status":"open","ping_status":"open","sticky":false,"template":"","format":"standard","meta":{"_acf_changed":false,"footnotes":""},"categories":[55],"tags":[],"class_list":{"0":"post-1185","1":"post","2":"type-post","3":"status-publish","4":"format-standard","6":"category-cronica"},"acf":[],"_links":{"self":[{"href":"https:\/\/www.entroncamentoonline.pt\/portal\/wp-json\/wp\/v2\/posts\/1185","targetHints":{"allow":["GET"]}}],"collection":[{"href":"https:\/\/www.entroncamentoonline.pt\/portal\/wp-json\/wp\/v2\/posts"}],"about":[{"href":"https:\/\/www.entroncamentoonline.pt\/portal\/wp-json\/wp\/v2\/types\/post"}],"author":[{"embeddable":true,"href":"https:\/\/www.entroncamentoonline.pt\/portal\/wp-json\/wp\/v2\/users\/18"}],"replies":[{"embeddable":true,"href":"https:\/\/www.entroncamentoonline.pt\/portal\/wp-json\/wp\/v2\/comments?post=1185"}],"version-history":[{"count":0,"href":"https:\/\/www.entroncamentoonline.pt\/portal\/wp-json\/wp\/v2\/posts\/1185\/revisions"}],"wp:attachment":[{"href":"https:\/\/www.entroncamentoonline.pt\/portal\/wp-json\/wp\/v2\/media?parent=1185"}],"wp:term":[{"taxonomy":"category","embeddable":true,"href":"https:\/\/www.entroncamentoonline.pt\/portal\/wp-json\/wp\/v2\/categories?post=1185"},{"taxonomy":"post_tag","embeddable":true,"href":"https:\/\/www.entroncamentoonline.pt\/portal\/wp-json\/wp\/v2\/tags?post=1185"}],"curies":[{"name":"wp","href":"https:\/\/api.w.org\/{rel}","templated":true}]}}