{"id":11686,"date":"2019-10-01T07:52:10","date_gmt":"2019-10-01T06:52:10","guid":{"rendered":"https:\/\/www.entroncamentoonline.pt\/portal\/?p=11686"},"modified":"2019-10-01T16:58:46","modified_gmt":"2019-10-01T15:58:46","slug":"especialistas-na-ordem-dos-templarios-reunem-se-em-vila-nova-da-barquinha","status":"publish","type":"post","link":"https:\/\/www.entroncamentoonline.pt\/portal\/especialistas-na-ordem-dos-templarios-reunem-se-em-vila-nova-da-barquinha\/","title":{"rendered":"Especialistas na Ordem dos Templ\u00e1rios re\u00fanem-se em Vila Nova da Barquinha"},"content":{"rendered":"<p>Os maiores especialistas mundiais no estudo da Ordem dos Templ\u00e1rios v\u00e3o reunir-se este m\u00eas de outubro em Vila Nova da Barquinha. Trata-se da \u201cI Confer\u00eancia Internacional Ordem do Templo \u2013 Cavalaria Espiritual \u2013 Templarismo\u201d e ir\u00e1 decorrer entre os dias 11 e 13 deste m\u00eas, no Centro de Interpreta\u00e7\u00e3o Templ\u00e1rio Almourol, numa iniciativa do munic\u00edpio.<\/p>\n<p>Est\u00e3o previstas as presen\u00e7as de 10 oradores, oriundos de pa\u00edses como Fran\u00e7a, It\u00e1lia, Alemanha, Estados Unidos e Portugal.<\/p>\n<p>O programa inclui visitas ao Castelo de Almourol e ao Convento de Cristo. Destaque para a inaugura\u00e7\u00e3o da exposi\u00e7\u00e3o \u201cSantoral e liturgia templ\u00e1rias \u00e0 roda do ano\u201d, com apresenta\u00e7\u00e3o do respetivo cat\u00e1logo e para a Sess\u00e3o Solene com assinatura de Protocolos de Coopera\u00e7\u00e3o e Parceria com o CITA e rece\u00e7\u00e3o da r\u00e9plica da espada de Godofredo de Bouillon. Ambas as iniciativas ocorrer\u00e3o logo no primeiro dia do evento.<\/p>\n<p>As inscri\u00e7\u00f5es s\u00e3o obrigat\u00f3rias e limitadas e poder\u00e3o ser feitas pelo telefone 249720358. O custo \u00e9 de 15\u20ac com oferta de cat\u00e1logo.<strong>\u00a0<\/strong><\/p>\n<p><strong>Lista de oradores com presen\u00e7a prevista e respetivos temas:<\/strong><\/p>\n<h6><strong>Ant\u00f3nio Paris (It\u00e1lia)<\/strong><br \/>\nThe papacy; The templar trial and Chinon&#8217;s acquittal<\/h6>\n<p><strong>Nicolas Haimovici (Fran\u00e7a)<\/strong><br \/>\nTemplarism and his place in the XXIst Century&#8217;s world<\/p>\n<p><strong>John von Blauch (Estados Unidos)<\/strong><br \/>\nThe Templar Cross and other notable insignia: its symbolism, evolution, manufacturing processes and historical and cultural impacts form the 12th &#8211; 19th centuries<\/p>\n<p><strong>Thomas Kohwagner (Alemanha)<\/strong><br \/>\nNon nobis &#8211; Dilemma and Chance of Spirituality for Contemporary Templars<\/p>\n<p><strong>Ronald S. Mangum (Estados Unidos)<\/strong><br \/>\nIn praise of the new knighthood: Liber ad milites Templi: De laude novae militae, its meaning in today&#8217;s society<\/p>\n<p><strong>Manuel J. Gandra (Portugal)<\/strong><br \/>\nCapela Rosselyn Tomar e Barquinha<strong>\u00a0<\/strong><\/p>\n<p><strong>Ernesto Jana (Portugal)<\/strong><br \/>\nA ocupa\u00e7\u00e3o templ\u00e1ria no M\u00e9dio Tejo: entre a conquista, o povoamento e a reorganiza\u00e7\u00e3o territorial<\/p>\n<p><strong>Nuno Villamariz Oliveira (Portugal)<\/strong><br \/>\nIntermit\u00eancias da Mem\u00f3ria: observa\u00e7\u00f5es acerca da espiritualidade e arquitetura templ\u00e1rias<\/p>\n<p><strong>Barbara Frale<\/strong><br \/>\nArquivo do Vaticano<\/p>\n<p><strong>Lu\u00eds de Matos (Portugal)<\/strong><br \/>\nContinuidade e Legitimidade &#8211; Que \u00e9 da Ordem?<\/p>\n<p>&nbsp;<\/p>\n<p>Jo\u00e3o Lopes<\/p>\n<div class=\"fb-background-color\">\n\t\t\t  <div \n\t\t\t  \tclass = \"fb-comments\" \n\t\t\t  \tdata-href = \"https:\/\/www.entroncamentoonline.pt\/portal\/especialistas-na-ordem-dos-templarios-reunem-se-em-vila-nova-da-barquinha\/\"\n\t\t\t  \tdata-numposts = \"10\"\n\t\t\t  \tdata-lazy = \"true\"\n\t\t\t\tdata-colorscheme = \"light\"\n\t\t\t\tdata-order-by = \"social\"\n\t\t\t\tdata-mobile=true>\n\t\t\t  <\/div><\/div>\n\t\t  <style>\n\t\t    .fb-background-color {\n\t\t\t\tbackground:  !important;\n\t\t\t}\n\t\t\t.fb_iframe_widget_fluid_desktop iframe {\n\t\t\t    width: 100% !important;\n\t\t\t}\n\t\t  <\/style>\n\t\t  ","protected":false},"excerpt":{"rendered":"<p>Os maiores especialistas mundiais no estudo da Ordem dos Templ\u00e1rios v\u00e3o reunir-se este m\u00eas de outubro em Vila Nova da Barquinha. Trata-se da \u201cI Confer\u00eancia Internacional Ordem do Templo \u2013 Cavalaria Espiritual \u2013 Templarismo\u201d e ir\u00e1 decorrer entre os dias 11 e 13 deste m\u00eas, no Centro de Interpreta\u00e7\u00e3o Templ\u00e1rio Almourol, numa iniciativa do munic\u00edpio. [&hellip;]<\/p>\n","protected":false},"author":1,"featured_media":11687,"comment_status":"open","ping_status":"closed","sticky":false,"template":"","format":"standard","meta":{"_acf_changed":false,"footnotes":""},"categories":[32,38],"tags":[],"class_list":{"0":"post-11686","1":"post","2":"type-post","3":"status-publish","4":"format-standard","5":"has-post-thumbnail","7":"category-noticias","8":"category-v-n-barquinha"},"acf":[],"_links":{"self":[{"href":"https:\/\/www.entroncamentoonline.pt\/portal\/wp-json\/wp\/v2\/posts\/11686","targetHints":{"allow":["GET"]}}],"collection":[{"href":"https:\/\/www.entroncamentoonline.pt\/portal\/wp-json\/wp\/v2\/posts"}],"about":[{"href":"https:\/\/www.entroncamentoonline.pt\/portal\/wp-json\/wp\/v2\/types\/post"}],"author":[{"embeddable":true,"href":"https:\/\/www.entroncamentoonline.pt\/portal\/wp-json\/wp\/v2\/users\/1"}],"replies":[{"embeddable":true,"href":"https:\/\/www.entroncamentoonline.pt\/portal\/wp-json\/wp\/v2\/comments?post=11686"}],"version-history":[{"count":0,"href":"https:\/\/www.entroncamentoonline.pt\/portal\/wp-json\/wp\/v2\/posts\/11686\/revisions"}],"wp:featuredmedia":[{"embeddable":true,"href":"https:\/\/www.entroncamentoonline.pt\/portal\/wp-json\/wp\/v2\/media\/11687"}],"wp:attachment":[{"href":"https:\/\/www.entroncamentoonline.pt\/portal\/wp-json\/wp\/v2\/media?parent=11686"}],"wp:term":[{"taxonomy":"category","embeddable":true,"href":"https:\/\/www.entroncamentoonline.pt\/portal\/wp-json\/wp\/v2\/categories?post=11686"},{"taxonomy":"post_tag","embeddable":true,"href":"https:\/\/www.entroncamentoonline.pt\/portal\/wp-json\/wp\/v2\/tags?post=11686"}],"curies":[{"name":"wp","href":"https:\/\/api.w.org\/{rel}","templated":true}]}}