{"id":11648,"date":"2019-09-30T14:58:19","date_gmt":"2019-09-30T13:58:19","guid":{"rendered":"https:\/\/www.entroncamentoonline.pt\/portal\/?p=11648"},"modified":"2019-09-30T14:58:19","modified_gmt":"2019-09-30T13:58:19","slug":"biblioteca-municipal-de-ourem-integrarte-no-dia-mundial-da-saude-mental","status":"publish","type":"post","link":"https:\/\/www.entroncamentoonline.pt\/portal\/biblioteca-municipal-de-ourem-integrarte-no-dia-mundial-da-saude-mental\/","title":{"rendered":"Biblioteca Municipal de Our\u00e9m | \u201cIntegrArte\u201d no Dia Mundial da Sa\u00fade Mental"},"content":{"rendered":"<p>A exposi\u00e7\u00e3o \u201cIntegrArte\u201d, organizada pelo Servi\u00e7o de Psiquiatria do CHMT, EPE, vai ser inaugurada no Dia Mundial da Sa\u00fade Mental, dia 10 de outubro. Este ano a exposi\u00e7\u00e3o estar\u00e1 na patente ao p\u00fablico na Biblioteca Municipal de Our\u00e9m.<\/p>\n<p>\u00c0 semelhan\u00e7a de anos anteriores, no dia 10 de Outubro, o Servi\u00e7o de Psiquiatria da Unidade de Tomar do CHMT comemora o Dia Mundial da Sa\u00fade Mental.<\/p>\n<p>Este projeto nasceu da observa\u00e7\u00e3o da vertente art\u00edstica existente em alguns utentes do Servi\u00e7o de Psiquiatria, surgindo a ideia de partilhar a sua arte com a comunidade em geral.<\/p>\n<p>A \u201cIntegrArte\u201d \u00e9 um tema inspirado no estigma e preconceito das pessoas com perturba\u00e7\u00e3o mental e \u00e9 dedicado \u00e0 aceita\u00e7\u00e3o social plena.<\/p>\n<p>Esta exposi\u00e7\u00e3o tem por objetivos contribuir para diminuir o impacto do estigma da sociedade em geral relativo \u00e0 doen\u00e7a e apresentar \u00e0 comunidade o trabalho desenvolvido pelos profissionais do Servi\u00e7o de Psiquiatria, com vista \u00e0 reabilita\u00e7\u00e3o e integra\u00e7\u00e3o do doente de sa\u00fade mental.<\/p>\n<p>A exposi\u00e7\u00e3o fica patente at\u00e9 dia 30 de Outubro, de segunda a sexta-feira, das 09h00 \u00e0s 18.00, e ao S\u00e1bado das 9.30 \u00e0 13.00, com entrada gratuita, na Biblioteca Municipal de Our\u00e9m.<\/p>\n<div class=\"fb-background-color\">\n\t\t\t  <div \n\t\t\t  \tclass = \"fb-comments\" \n\t\t\t  \tdata-href = \"https:\/\/www.entroncamentoonline.pt\/portal\/biblioteca-municipal-de-ourem-integrarte-no-dia-mundial-da-saude-mental\/\"\n\t\t\t  \tdata-numposts = \"10\"\n\t\t\t  \tdata-lazy = \"true\"\n\t\t\t\tdata-colorscheme = \"light\"\n\t\t\t\tdata-order-by = \"social\"\n\t\t\t\tdata-mobile=true>\n\t\t\t  <\/div><\/div>\n\t\t  <style>\n\t\t    .fb-background-color {\n\t\t\t\tbackground:  !important;\n\t\t\t}\n\t\t\t.fb_iframe_widget_fluid_desktop iframe {\n\t\t\t    width: 100% !important;\n\t\t\t}\n\t\t  <\/style>\n\t\t  ","protected":false},"excerpt":{"rendered":"<p>A exposi\u00e7\u00e3o \u201cIntegrArte\u201d, organizada pelo Servi\u00e7o de Psiquiatria do CHMT, EPE, vai ser inaugurada no Dia Mundial da Sa\u00fade Mental, dia 10 de outubro. Este ano a exposi\u00e7\u00e3o estar\u00e1 na patente ao p\u00fablico na Biblioteca Municipal de Our\u00e9m. \u00c0 semelhan\u00e7a de anos anteriores, no dia 10 de Outubro, o Servi\u00e7o de Psiquiatria da Unidade de [&hellip;]<\/p>\n","protected":false},"author":1,"featured_media":0,"comment_status":"open","ping_status":"closed","sticky":false,"template":"","format":"standard","meta":{"_acf_changed":false,"footnotes":""},"categories":[51],"tags":[],"class_list":{"0":"post-11648","1":"post","2":"type-post","3":"status-publish","4":"format-standard","6":"category-breves"},"acf":[],"_links":{"self":[{"href":"https:\/\/www.entroncamentoonline.pt\/portal\/wp-json\/wp\/v2\/posts\/11648","targetHints":{"allow":["GET"]}}],"collection":[{"href":"https:\/\/www.entroncamentoonline.pt\/portal\/wp-json\/wp\/v2\/posts"}],"about":[{"href":"https:\/\/www.entroncamentoonline.pt\/portal\/wp-json\/wp\/v2\/types\/post"}],"author":[{"embeddable":true,"href":"https:\/\/www.entroncamentoonline.pt\/portal\/wp-json\/wp\/v2\/users\/1"}],"replies":[{"embeddable":true,"href":"https:\/\/www.entroncamentoonline.pt\/portal\/wp-json\/wp\/v2\/comments?post=11648"}],"version-history":[{"count":0,"href":"https:\/\/www.entroncamentoonline.pt\/portal\/wp-json\/wp\/v2\/posts\/11648\/revisions"}],"wp:attachment":[{"href":"https:\/\/www.entroncamentoonline.pt\/portal\/wp-json\/wp\/v2\/media?parent=11648"}],"wp:term":[{"taxonomy":"category","embeddable":true,"href":"https:\/\/www.entroncamentoonline.pt\/portal\/wp-json\/wp\/v2\/categories?post=11648"},{"taxonomy":"post_tag","embeddable":true,"href":"https:\/\/www.entroncamentoonline.pt\/portal\/wp-json\/wp\/v2\/tags?post=11648"}],"curies":[{"name":"wp","href":"https:\/\/api.w.org\/{rel}","templated":true}]}}