{"id":11599,"date":"2019-09-29T15:36:42","date_gmt":"2019-09-29T14:36:42","guid":{"rendered":"https:\/\/www.entroncamentoonline.pt\/portal\/?p=11599"},"modified":"2019-10-02T15:07:32","modified_gmt":"2019-10-02T14:07:32","slug":"atleta-do-entroncamento-tiago-verissimo-no-campeonato-internacional-de-artes-marciais-mistas-mma","status":"publish","type":"post","link":"https:\/\/www.entroncamentoonline.pt\/portal\/atleta-do-entroncamento-tiago-verissimo-no-campeonato-internacional-de-artes-marciais-mistas-mma\/","title":{"rendered":"ATLETA DO ENTRONCAMENTO | Tiago Ver\u00edssimo no Campeonato Internacional de Artes Marciais Mistas (MMA)"},"content":{"rendered":"<p>O atleta Tiago Ver\u00edssimo, da Pride Team Entroncamento inserida na ANAMMDA -Associa\u00e7\u00e3o Nacional Artes Marciais Mistas e Disciplinas Associadas inscrita na Federa\u00e7\u00e3o Portuguesa de lutas amadoras (FPLA), foi selecionado para representar a sele\u00e7\u00e3o portuguesa de MMA amador em Espanha, Guadalajara.<\/p>\n<p>O campeonato realizou-se no Polidesportivo San Jos\u00e9, no s\u00e1bado dia 28 de setembro em Guadalajara, Madrid e o entroncamentense e o seu treinador foram os \u00fanicos representantes de Portugal.<\/p>\n<div class=\"fb-background-color\">\n\t\t\t  <div \n\t\t\t  \tclass = \"fb-comments\" \n\t\t\t  \tdata-href = \"https:\/\/www.entroncamentoonline.pt\/portal\/atleta-do-entroncamento-tiago-verissimo-no-campeonato-internacional-de-artes-marciais-mistas-mma\/\"\n\t\t\t  \tdata-numposts = \"10\"\n\t\t\t  \tdata-lazy = \"true\"\n\t\t\t\tdata-colorscheme = \"light\"\n\t\t\t\tdata-order-by = \"social\"\n\t\t\t\tdata-mobile=true>\n\t\t\t  <\/div><\/div>\n\t\t  <style>\n\t\t    .fb-background-color {\n\t\t\t\tbackground:  !important;\n\t\t\t}\n\t\t\t.fb_iframe_widget_fluid_desktop iframe {\n\t\t\t    width: 100% !important;\n\t\t\t}\n\t\t  <\/style>\n\t\t  ","protected":false},"excerpt":{"rendered":"<p>O atleta Tiago Ver\u00edssimo, da Pride Team Entroncamento inserida na ANAMMDA -Associa\u00e7\u00e3o Nacional Artes Marciais Mistas e Disciplinas Associadas inscrita na Federa\u00e7\u00e3o Portuguesa de lutas amadoras (FPLA), foi selecionado para representar a sele\u00e7\u00e3o portuguesa de MMA amador em Espanha, Guadalajara. O campeonato realizou-se no Polidesportivo San Jos\u00e9, no s\u00e1bado dia 28 de setembro em Guadalajara, [&hellip;]<\/p>\n","protected":false},"author":1,"featured_media":11600,"comment_status":"open","ping_status":"closed","sticky":false,"template":"","format":"standard","meta":{"_acf_changed":false,"footnotes":""},"categories":[1],"tags":[],"class_list":{"0":"post-11599","1":"post","2":"type-post","3":"status-publish","4":"format-standard","5":"has-post-thumbnail","7":"category-sem-categoria"},"acf":[],"_links":{"self":[{"href":"https:\/\/www.entroncamentoonline.pt\/portal\/wp-json\/wp\/v2\/posts\/11599","targetHints":{"allow":["GET"]}}],"collection":[{"href":"https:\/\/www.entroncamentoonline.pt\/portal\/wp-json\/wp\/v2\/posts"}],"about":[{"href":"https:\/\/www.entroncamentoonline.pt\/portal\/wp-json\/wp\/v2\/types\/post"}],"author":[{"embeddable":true,"href":"https:\/\/www.entroncamentoonline.pt\/portal\/wp-json\/wp\/v2\/users\/1"}],"replies":[{"embeddable":true,"href":"https:\/\/www.entroncamentoonline.pt\/portal\/wp-json\/wp\/v2\/comments?post=11599"}],"version-history":[{"count":0,"href":"https:\/\/www.entroncamentoonline.pt\/portal\/wp-json\/wp\/v2\/posts\/11599\/revisions"}],"wp:featuredmedia":[{"embeddable":true,"href":"https:\/\/www.entroncamentoonline.pt\/portal\/wp-json\/wp\/v2\/media\/11600"}],"wp:attachment":[{"href":"https:\/\/www.entroncamentoonline.pt\/portal\/wp-json\/wp\/v2\/media?parent=11599"}],"wp:term":[{"taxonomy":"category","embeddable":true,"href":"https:\/\/www.entroncamentoonline.pt\/portal\/wp-json\/wp\/v2\/categories?post=11599"},{"taxonomy":"post_tag","embeddable":true,"href":"https:\/\/www.entroncamentoonline.pt\/portal\/wp-json\/wp\/v2\/tags?post=11599"}],"curies":[{"name":"wp","href":"https:\/\/api.w.org\/{rel}","templated":true}]}}