{"id":11489,"date":"2019-09-26T08:55:29","date_gmt":"2019-09-26T07:55:29","guid":{"rendered":"https:\/\/www.entroncamentoonline.pt\/portal\/?p=11489"},"modified":"2019-09-26T15:59:53","modified_gmt":"2019-09-26T14:59:53","slug":"vila-nova-da-barquinha-ceac-abre-inscricoes-para-novo-ano-letivo","status":"publish","type":"post","link":"https:\/\/www.entroncamentoonline.pt\/portal\/vila-nova-da-barquinha-ceac-abre-inscricoes-para-novo-ano-letivo\/","title":{"rendered":"VILA NOVA DA BARQUINHA | CEAC abre inscri\u00e7\u00f5es para novo ano letivo"},"content":{"rendered":"<p>Est\u00e3o abertas inscri\u00e7\u00f5es para os ateliers de desenho, pintura, fotografia e v\u00eddeo do Centro de Estudos de Arte Contempor\u00e2nea (CEAC), em Vila Nova da Barquinha. As aulas recome\u00e7am no pr\u00f3ximo m\u00eas de outubro e prolongam-se at\u00e9 maio de 2020, dando continuidade \u00e0 parceria da C\u00e2mara Municipal com o Instituto Polit\u00e9cnico de Tomar (IPT) e Funda\u00e7\u00e3o EDP.<\/p>\n<p>No pr\u00f3ximo dia 1 de outubro ter\u00e1 lugar no Centro Cultural de Vila Nova da Barquinha, \u00e0s 19h, uma apresenta\u00e7\u00e3o sobre o funcionamento dos ateliers, dirigida aos alunos e interessados, podendo as inscri\u00e7\u00f5es ser tamb\u00e9m efetuadas nesse dia.<\/p>\n<p>Os ateliers de arte s\u00e3o lecionados por t\u00e9cnicos credenciados e docentes do IPT. As aulas tem uma dura\u00e7\u00e3o de 3 horas, acrescidas de uma aula de 3 horas para ateli\u00ea livre, por semana, com um custo de 20\u20ac mensais.<\/p>\n<p>O objetivo do CEAC \u00e9 dotar os alunos de compet\u00eancias art\u00edsticas, t\u00e9cnicas e processuais nos diferentes dom\u00ednios lecionados, atrav\u00e9s da aprendizagem e aprofundamento de conhecimentos te\u00f3rico-pr\u00e1ticos de processos, meios e t\u00e9cnicas. Os ensinamentos para alcan\u00e7ar novos horizontes est\u00e9ticos s\u00e3o colocados em pr\u00e1tica e mostrados ao p\u00fablico em diversas exposi\u00e7\u00f5es dos trabalhos dos ateli\u00eas do CEAC, realizadas ao longo do ano na regi\u00e3o. Para alguns pode significar o in\u00edcio de uma carreira no mundo das artes.<\/p>\n<p>Os ateli\u00eas do CEAC s\u00e3o complementados com visitas a museus e galerias de arte, e com a realiza\u00e7\u00e3o de workshops tem\u00e1ticos nas diversas modalidades art\u00edsticas onde os artistas convidados falam sobre o seu percurso art\u00edstico.<\/p>\n<p>Para mais informa\u00e7\u00f5es e inscri\u00e7\u00f5es, contacte o telefone 926273161 (Carlos Vicente) ou o email <a href=\"mailto:galeria@cm-vnbarquinha.pt\">galeria@cm-vnbarquinha.pt<\/a>.<\/p>\n<p>&nbsp;<\/p>\n<div class=\"fb-background-color\">\n\t\t\t  <div \n\t\t\t  \tclass = \"fb-comments\" \n\t\t\t  \tdata-href = \"https:\/\/www.entroncamentoonline.pt\/portal\/vila-nova-da-barquinha-ceac-abre-inscricoes-para-novo-ano-letivo\/\"\n\t\t\t  \tdata-numposts = \"10\"\n\t\t\t  \tdata-lazy = \"true\"\n\t\t\t\tdata-colorscheme = \"light\"\n\t\t\t\tdata-order-by = \"social\"\n\t\t\t\tdata-mobile=true>\n\t\t\t  <\/div><\/div>\n\t\t  <style>\n\t\t    .fb-background-color {\n\t\t\t\tbackground:  !important;\n\t\t\t}\n\t\t\t.fb_iframe_widget_fluid_desktop iframe {\n\t\t\t    width: 100% !important;\n\t\t\t}\n\t\t  <\/style>\n\t\t  ","protected":false},"excerpt":{"rendered":"<p>Est\u00e3o abertas inscri\u00e7\u00f5es para os ateliers de desenho, pintura, fotografia e v\u00eddeo do Centro de Estudos de Arte Contempor\u00e2nea (CEAC), em Vila Nova da Barquinha. As aulas recome\u00e7am no pr\u00f3ximo m\u00eas de outubro e prolongam-se at\u00e9 maio de 2020, dando continuidade \u00e0 parceria da C\u00e2mara Municipal com o Instituto Polit\u00e9cnico de Tomar (IPT) e Funda\u00e7\u00e3o [&hellip;]<\/p>\n","protected":false},"author":1,"featured_media":11490,"comment_status":"open","ping_status":"closed","sticky":false,"template":"","format":"standard","meta":{"_acf_changed":false,"footnotes":""},"categories":[32,38],"tags":[],"class_list":{"0":"post-11489","1":"post","2":"type-post","3":"status-publish","4":"format-standard","5":"has-post-thumbnail","7":"category-noticias","8":"category-v-n-barquinha"},"acf":[],"_links":{"self":[{"href":"https:\/\/www.entroncamentoonline.pt\/portal\/wp-json\/wp\/v2\/posts\/11489","targetHints":{"allow":["GET"]}}],"collection":[{"href":"https:\/\/www.entroncamentoonline.pt\/portal\/wp-json\/wp\/v2\/posts"}],"about":[{"href":"https:\/\/www.entroncamentoonline.pt\/portal\/wp-json\/wp\/v2\/types\/post"}],"author":[{"embeddable":true,"href":"https:\/\/www.entroncamentoonline.pt\/portal\/wp-json\/wp\/v2\/users\/1"}],"replies":[{"embeddable":true,"href":"https:\/\/www.entroncamentoonline.pt\/portal\/wp-json\/wp\/v2\/comments?post=11489"}],"version-history":[{"count":0,"href":"https:\/\/www.entroncamentoonline.pt\/portal\/wp-json\/wp\/v2\/posts\/11489\/revisions"}],"wp:featuredmedia":[{"embeddable":true,"href":"https:\/\/www.entroncamentoonline.pt\/portal\/wp-json\/wp\/v2\/media\/11490"}],"wp:attachment":[{"href":"https:\/\/www.entroncamentoonline.pt\/portal\/wp-json\/wp\/v2\/media?parent=11489"}],"wp:term":[{"taxonomy":"category","embeddable":true,"href":"https:\/\/www.entroncamentoonline.pt\/portal\/wp-json\/wp\/v2\/categories?post=11489"},{"taxonomy":"post_tag","embeddable":true,"href":"https:\/\/www.entroncamentoonline.pt\/portal\/wp-json\/wp\/v2\/tags?post=11489"}],"curies":[{"name":"wp","href":"https:\/\/api.w.org\/{rel}","templated":true}]}}