{"id":11471,"date":"2019-09-26T11:13:29","date_gmt":"2019-09-26T10:13:29","guid":{"rendered":"https:\/\/www.entroncamentoonline.pt\/portal\/?p=11471"},"modified":"2019-09-26T11:18:01","modified_gmt":"2019-09-26T10:18:01","slug":"abrantes-jornadas-da-educacao-um-convite-a-docentes-e-alunos-mas-tambem-a-restante-comunidade","status":"publish","type":"post","link":"https:\/\/www.entroncamentoonline.pt\/portal\/abrantes-jornadas-da-educacao-um-convite-a-docentes-e-alunos-mas-tambem-a-restante-comunidade\/","title":{"rendered":"ABRANTES | Jornadas da Educa\u00e7\u00e3o, um convite a docentes e alunos mas tamb\u00e9m \u00e0 restante comunidade\u00a0"},"content":{"rendered":"<p>As Jornadas da Educa\u00e7\u00e3o regressam a Abrantes entre os dias 4 e 30 de outubro, com um vasto programa que se estende por diferentes espa\u00e7os p\u00fablicos e escolas.<\/p>\n<p>Este ano sob o mote \u201cA educa\u00e7\u00e3o ao longo da vida\u201d, este \u00e9 um espa\u00e7o que se anuncia de reflex\u00e3o e debate onde se dinamizam diversas iniciativas como a entrega dos Pr\u00e9mios de M\u00e9rito a Alunos do Ensino Secund\u00e1rio e Profissional, aos Parlamentos Crian\u00e7a\/ S\u00e9nior\/Jovem ou ainda a realiza\u00e7\u00e3o do Conselho Municipal da Educa\u00e7\u00e3o, tamb\u00e9m aberto \u00e0 participa\u00e7\u00e3o da comunidade.<\/p>\n<p>Os temas agendados para as Jornadas v\u00e3o desde o cuidado para a educa\u00e7\u00e3o e o papel do ensino profissional e ensino superior, \u00e0 aprendizagem em adulto e \u00e0 lideran\u00e7a pedag\u00f3gica, ou ainda a import\u00e2ncia de brincar.<\/p>\n<p>A participa\u00e7\u00e3o \u00e9 gratuita e o convite dirigido a docentes, alunos, fam\u00edlias e toda a comunidade em geral. Para inscri\u00e7\u00e3o ou consulta do programa das jornadas consulte <a href=\"http:\/\/cm-abrantes.pt\/index.php\/pt\/agenda\/355-jornadas-da-educacao\">AQUI\u00a0<\/a><\/p>\n<p>O apelo \u00e9 participar e acompanhar as iniciativas que se desenvolvem ao longo destes dias nas Jornadas da Educa\u00e7\u00e3o de Abrantes, para bem dos alunos e de toda a comunidade escolar.<\/p>\n<p><img loading=\"lazy\" decoding=\"async\" class=\"size-full wp-image-11472 aligncenter\" src=\"https:\/\/www.entroncamentoonline.pt\/portal\/wp-content\/uploads\/2019\/09\/jornadas_educa\u00e7\u00e3o_programa-002.jpg\" alt=\"\" width=\"600\" height=\"395\" \/><\/p>\n<div class=\"fb-background-color\">\n\t\t\t  <div \n\t\t\t  \tclass = \"fb-comments\" \n\t\t\t  \tdata-href = \"https:\/\/www.entroncamentoonline.pt\/portal\/abrantes-jornadas-da-educacao-um-convite-a-docentes-e-alunos-mas-tambem-a-restante-comunidade\/\"\n\t\t\t  \tdata-numposts = \"10\"\n\t\t\t  \tdata-lazy = \"true\"\n\t\t\t\tdata-colorscheme = \"light\"\n\t\t\t\tdata-order-by = \"social\"\n\t\t\t\tdata-mobile=true>\n\t\t\t  <\/div><\/div>\n\t\t  <style>\n\t\t    .fb-background-color {\n\t\t\t\tbackground:  !important;\n\t\t\t}\n\t\t\t.fb_iframe_widget_fluid_desktop iframe {\n\t\t\t    width: 100% !important;\n\t\t\t}\n\t\t  <\/style>\n\t\t  ","protected":false},"excerpt":{"rendered":"<p>As Jornadas da Educa\u00e7\u00e3o regressam a Abrantes entre os dias 4 e 30 de outubro, com um vasto programa que se estende por diferentes espa\u00e7os p\u00fablicos e escolas. Este ano sob o mote \u201cA educa\u00e7\u00e3o ao longo da vida\u201d, este \u00e9 um espa\u00e7o que se anuncia de reflex\u00e3o e debate onde se dinamizam diversas iniciativas [&hellip;]<\/p>\n","protected":false},"author":1,"featured_media":11473,"comment_status":"open","ping_status":"closed","sticky":false,"template":"","format":"standard","meta":{"_acf_changed":false,"footnotes":""},"categories":[71],"tags":[],"class_list":{"0":"post-11471","1":"post","2":"type-post","3":"status-publish","4":"format-standard","5":"has-post-thumbnail","7":"category-outras-noticias"},"acf":[],"_links":{"self":[{"href":"https:\/\/www.entroncamentoonline.pt\/portal\/wp-json\/wp\/v2\/posts\/11471","targetHints":{"allow":["GET"]}}],"collection":[{"href":"https:\/\/www.entroncamentoonline.pt\/portal\/wp-json\/wp\/v2\/posts"}],"about":[{"href":"https:\/\/www.entroncamentoonline.pt\/portal\/wp-json\/wp\/v2\/types\/post"}],"author":[{"embeddable":true,"href":"https:\/\/www.entroncamentoonline.pt\/portal\/wp-json\/wp\/v2\/users\/1"}],"replies":[{"embeddable":true,"href":"https:\/\/www.entroncamentoonline.pt\/portal\/wp-json\/wp\/v2\/comments?post=11471"}],"version-history":[{"count":0,"href":"https:\/\/www.entroncamentoonline.pt\/portal\/wp-json\/wp\/v2\/posts\/11471\/revisions"}],"wp:featuredmedia":[{"embeddable":true,"href":"https:\/\/www.entroncamentoonline.pt\/portal\/wp-json\/wp\/v2\/media\/11473"}],"wp:attachment":[{"href":"https:\/\/www.entroncamentoonline.pt\/portal\/wp-json\/wp\/v2\/media?parent=11471"}],"wp:term":[{"taxonomy":"category","embeddable":true,"href":"https:\/\/www.entroncamentoonline.pt\/portal\/wp-json\/wp\/v2\/categories?post=11471"},{"taxonomy":"post_tag","embeddable":true,"href":"https:\/\/www.entroncamentoonline.pt\/portal\/wp-json\/wp\/v2\/tags?post=11471"}],"curies":[{"name":"wp","href":"https:\/\/api.w.org\/{rel}","templated":true}]}}