{"id":11437,"date":"2019-09-24T22:29:16","date_gmt":"2019-09-24T21:29:16","guid":{"rendered":"https:\/\/www.entroncamentoonline.pt\/portal\/?p=11437"},"modified":"2019-09-24T22:29:16","modified_gmt":"2019-09-24T21:29:16","slug":"no-dia-da-greve-global-pelo-clima-tomar-opta-pela-acao","status":"publish","type":"post","link":"https:\/\/www.entroncamentoonline.pt\/portal\/no-dia-da-greve-global-pelo-clima-tomar-opta-pela-acao\/","title":{"rendered":"No dia da greve global pelo clima, Tomar opta pela a\u00e7\u00e3o"},"content":{"rendered":"<p style=\"text-align: center; line-height: 150%; background: white;\" align=\"center\"><b><i><span style=\"font-size: 10.0pt; line-height: 150%; color: black;\">Dezenas de funcion\u00e1rios do Munic\u00edpio, bem como outros cidad\u00e3os, v\u00e3o participar na a\u00e7\u00e3o de voluntariado com que Tomar marca o dia da greve global pelo clima. Uma iniciativa que consistir\u00e1 na limpeza de v\u00e1rios espa\u00e7os da cidade. Em dia de mobiliza\u00e7\u00e3o geral, Tomar opta pela a\u00e7\u00e3o.<\/span><\/i><\/b><span style=\"font-size: 10.0pt; line-height: 150%; color: black;\">\u00a0<\/span><\/p>\n<p style=\"text-align: justify; text-indent: 1.0cm; line-height: 150%; background: white;\"><span style=\"font-size: 10.0pt; line-height: 150%; color: black;\">A iniciativa marcada para a pr\u00f3xima sexta-feira, aberta a funcion\u00e1rios mas tamb\u00e9m a outros volunt\u00e1rios externos ao Munic\u00edpio, ter\u00e1 lugar a partir das 8h30, com concentra\u00e7\u00e3o na Pra\u00e7a da Rep\u00fablica. A partir dali ser\u00e3o formados grupos e distribu\u00eddos por diversos espa\u00e7os da cidade, terminando com a sua concentra\u00e7\u00e3o no Mouch\u00e3o pelas 13h30, onde haver\u00e1 uma aula de ioga.<\/span><\/p>\n<p style=\"text-align: justify; text-indent: 1.0cm; line-height: 150%; background: white;\"><span style=\"font-size: 10.0pt; line-height: 150%; color: black;\">Concluir-se-\u00e1 desta forma a programa\u00e7\u00e3o tomarense da Semana Global pelo Clima, que inclui uma forte vertente pedag\u00f3gica com a pintura de bandeiras, sess\u00f5es de conto, <i>quiz<\/i> ambiental e outras iniciativas em ambiente escolar; bem como outras atividades de voluntariado centrado na limpeza, nomeadamente as a\u00e7\u00f5es locais do M\u00e3os \u00e0 Obra e da Campanha Beat\u00e3o.<\/span><\/p>\n<p style=\"text-align: justify; text-indent: 1.0cm; line-height: 150%; background: white;\"><span style=\"font-size: 10.0pt; line-height: 150%; color: black;\">A Ceyceyra Medieval (exemplo de como se pode fazer um evento de massas sem pl\u00e1stico descart\u00e1vel), a iniciativa \u201cMexe-te: Jovens num Clima de Mudan\u00e7a\u201d, a sess\u00e3o \u201cCaf\u00e9 com P\u00e9 na Lua\u201d ou o acesso gratuito aos autocarros dos Transportes Urbanos no Dia Europeu Sem Carros, foram outros dos momentos que integraram esta semana em que boa parte do concelho se tem mobilizado pelo clima. <\/span><\/p>\n<p style=\"text-align: justify; text-indent: 1.0cm; line-height: 150%; background: white;\"><span style=\"font-size: 10.0pt; line-height: 150%; color: black;\">Em curso vai estar ainda, na quarta-feira, dia 25 de Setembro, o Dia Sem Pl\u00e1stico, iniciativa de sensibiliza\u00e7\u00e3o em que se prop\u00f5e que as pessoas interessadas se comprometam a n\u00e3o utilizar, durante 24 horas, pl\u00e1sticos descart\u00e1veis ou de uso \u00fanico. O objectivo \u00e9 que a popula\u00e7\u00e3o perceba o impacto que este tipo de pl\u00e1sticos tem no seu dia-a-dia e comece a tomar atitudes para reverter essa situa\u00e7\u00e3o. <\/span><\/p>\n<div class=\"fb-background-color\">\n\t\t\t  <div \n\t\t\t  \tclass = \"fb-comments\" \n\t\t\t  \tdata-href = \"https:\/\/www.entroncamentoonline.pt\/portal\/no-dia-da-greve-global-pelo-clima-tomar-opta-pela-acao\/\"\n\t\t\t  \tdata-numposts = \"10\"\n\t\t\t  \tdata-lazy = \"true\"\n\t\t\t\tdata-colorscheme = \"light\"\n\t\t\t\tdata-order-by = \"social\"\n\t\t\t\tdata-mobile=true>\n\t\t\t  <\/div><\/div>\n\t\t  <style>\n\t\t    .fb-background-color {\n\t\t\t\tbackground:  !important;\n\t\t\t}\n\t\t\t.fb_iframe_widget_fluid_desktop iframe {\n\t\t\t    width: 100% !important;\n\t\t\t}\n\t\t  <\/style>\n\t\t  ","protected":false},"excerpt":{"rendered":"<p>Dezenas de funcion\u00e1rios do Munic\u00edpio, bem como outros cidad\u00e3os, v\u00e3o participar na a\u00e7\u00e3o de voluntariado com que Tomar marca o dia da greve global pelo clima. Uma iniciativa que consistir\u00e1 na limpeza de v\u00e1rios espa\u00e7os da cidade. Em dia de mobiliza\u00e7\u00e3o geral, Tomar opta pela a\u00e7\u00e3o.\u00a0 A iniciativa marcada para a pr\u00f3xima sexta-feira, aberta a [&hellip;]<\/p>\n","protected":false},"author":1,"featured_media":0,"comment_status":"open","ping_status":"closed","sticky":false,"template":"","format":"standard","meta":{"_acf_changed":false,"footnotes":""},"categories":[51],"tags":[],"class_list":{"0":"post-11437","1":"post","2":"type-post","3":"status-publish","4":"format-standard","6":"category-breves"},"acf":[],"_links":{"self":[{"href":"https:\/\/www.entroncamentoonline.pt\/portal\/wp-json\/wp\/v2\/posts\/11437","targetHints":{"allow":["GET"]}}],"collection":[{"href":"https:\/\/www.entroncamentoonline.pt\/portal\/wp-json\/wp\/v2\/posts"}],"about":[{"href":"https:\/\/www.entroncamentoonline.pt\/portal\/wp-json\/wp\/v2\/types\/post"}],"author":[{"embeddable":true,"href":"https:\/\/www.entroncamentoonline.pt\/portal\/wp-json\/wp\/v2\/users\/1"}],"replies":[{"embeddable":true,"href":"https:\/\/www.entroncamentoonline.pt\/portal\/wp-json\/wp\/v2\/comments?post=11437"}],"version-history":[{"count":0,"href":"https:\/\/www.entroncamentoonline.pt\/portal\/wp-json\/wp\/v2\/posts\/11437\/revisions"}],"wp:attachment":[{"href":"https:\/\/www.entroncamentoonline.pt\/portal\/wp-json\/wp\/v2\/media?parent=11437"}],"wp:term":[{"taxonomy":"category","embeddable":true,"href":"https:\/\/www.entroncamentoonline.pt\/portal\/wp-json\/wp\/v2\/categories?post=11437"},{"taxonomy":"post_tag","embeddable":true,"href":"https:\/\/www.entroncamentoonline.pt\/portal\/wp-json\/wp\/v2\/tags?post=11437"}],"curies":[{"name":"wp","href":"https:\/\/api.w.org\/{rel}","templated":true}]}}