{"id":11048,"date":"2019-09-13T15:38:39","date_gmt":"2019-09-13T14:38:39","guid":{"rendered":"https:\/\/www.entroncamentoonline.pt\/portal\/?p=11048"},"modified":"2019-09-13T15:38:39","modified_gmt":"2019-09-13T14:38:39","slug":"santarem-retoma-lideranca-dos-concelhos-mais-empreendedores-do-distrito","status":"publish","type":"post","link":"https:\/\/www.entroncamentoonline.pt\/portal\/santarem-retoma-lideranca-dos-concelhos-mais-empreendedores-do-distrito\/","title":{"rendered":"Santar\u00e9m retoma lideran\u00e7a dos concelhos mais empreendedores do distrito"},"content":{"rendered":"<p>No passado m\u00eas de julho, o concelho de Santar\u00e9m voltou a ser l\u00edder distrital no que ao empreendedorismo diz respeito. Este territ\u00f3rio foi o que mais empresas criou, seguindo-se Our\u00e9m e Benavente. No total foram criadas 92 empresas, mais quatro do que em igual per\u00edodo o ano passado.<\/p>\n<p>Na an\u00e1lise mensal \u00e0 cria\u00e7\u00e3o de empresas no distrito de Santar\u00e9m, a NERSANT &#8211; Associa\u00e7\u00e3o Empresarial da Regi\u00e3o de Santar\u00e9m, verificou que, depois de um m\u00eas de junho \u201cpouco empreendedor\u201d, julho voltou \u00e0 normalidade, com o concelho de Santar\u00e9m a assumir de volta a lideran\u00e7a do ranking.<\/p>\n<p>De facto, se no m\u00eas passado este concelho saiu dos tr\u00eas primeiros lugares do p\u00f3dio, apresentando apenas 4 empresas criadas, no m\u00eas de julho o concelho de Santar\u00e9m volta a destacar-se, com a cria\u00e7\u00e3o de 20 empresas.<\/p>\n<p>Em segundo lugar, sem surpresas, posiciona-se Our\u00e9m, com 13 empresas criadas, exatamente o mesmo n\u00famero que apresentou no m\u00eas de junho. No terceiro lugar do p\u00f3dio est\u00e1 o concelho de Benavente, com a cria\u00e7\u00e3o de 9 empresas.<\/p>\n<p>Em quarto lugar apresenta-se o concelho de Torres Novas, com a cria\u00e7\u00e3o de 8 empresas, seguindo-se Tomar, em quinto, com a cria\u00e7\u00e3o de seis. Em sexto lugar est\u00e3o empatados os concelhos de Abrantes e Alcanena, com a cria\u00e7\u00e3o de 5 empresas em cada um dos territ\u00f3rios.<\/p>\n<p>Almeirim e Cartaxo est\u00e3o na s\u00e9tima posi\u00e7\u00e3o, com a cria\u00e7\u00e3o de 4 empresas, e em oitavo lugar, est\u00e3o empatados os concelhos de Salvaterra de Magos, Coruche e Entroncamento, tendo sido criadas, em cada um dos territ\u00f3rios, 3 empresas. Em nono lugar surgem, de igual modo, tr\u00eas concelhos empatados. S\u00e3o eles Alpiar\u00e7a, Ma\u00e7\u00e3o e Rio Maior, com a constitui\u00e7\u00e3o de duas empresas em cada local. Ferreira do Z\u00eazere, Goleg\u00e3 e Vila Nova da Barquinha est\u00e3o na d\u00e9cima posi\u00e7\u00e3o, com uma empresa criada em cada concelho. Na cauda do ranking est\u00e3o os concelhos de Chamusca, Const\u00e2ncia e Sardoal, que n\u00e3o apresentaram, em julho, cria\u00e7\u00e3o de empresas. No total, foram criadas 92 sociedades em julho, mais quatro do que em igual per\u00edodo do ano passado.<\/p>\n<p>Quanto aos setores de atividade mais din\u00e2micos em julho, destaque para Com\u00e9rcio a retalho por correspond\u00eancia ou via Internet (9), Com\u00e9rcio por grosso n\u00e3o especializado (8), Constru\u00e7\u00e3o de edif\u00edcios (residenciais e n\u00e3o residenciais)\u00a0\u00a0\u00a0\u00a0\u00a0 (7), Manuten\u00e7\u00e3o e repara\u00e7\u00e3o de ve\u00edculos autom\u00f3veis (4), Atividades de angaria\u00e7\u00e3o imobili\u00e1ria (4), Outras atividades de consultoria para os neg\u00f3cios e a gest\u00e3o (4), Transportes rodovi\u00e1rios de mercadorias (3) e Compra e venda de bens imobili\u00e1rios (3).<\/p>\n<p>Em julho, continua a predominar o sexo masculino enquanto promotor dos neg\u00f3cios. 63 empresas foram criadas por homens (68%) e 29, por mulheres (32%).<\/p>\n<table>\n<tbody>\n<tr>\n<td><\/td>\n<td colspan=\"4\"><strong>Empresas criadas<\/strong><\/td>\n<\/tr>\n<tr>\n<td width=\"200\"><strong>Concelho<\/strong><\/td>\n<td width=\"100\"><strong>Julho<\/strong><strong><br \/>\n2019<\/strong><\/td>\n<td width=\"100\"><strong>Julho<\/strong><strong><br \/>\n2018<\/strong><\/td>\n<td width=\"100\"><strong>Acumulado<\/strong><strong><br \/>\n2018<\/strong><\/td>\n<td width=\"100\"><strong>Acumulado<\/strong><strong><br \/>\n2019<\/strong><\/td>\n<\/tr>\n<tr>\n<td><strong>ABRANTES<\/strong><\/td>\n<td>5<\/td>\n<td>6<\/td>\n<td>41<\/td>\n<td>51<\/td>\n<\/tr>\n<tr>\n<td><strong>ALCANENA<\/strong><\/td>\n<td>5<\/td>\n<td>3<\/td>\n<td>15<\/td>\n<td>28<\/td>\n<\/tr>\n<tr>\n<td><strong>ALMEIRIM<\/strong><\/td>\n<td>4<\/td>\n<td>4<\/td>\n<td>36<\/td>\n<td>43<\/td>\n<\/tr>\n<tr>\n<td><strong>ALPIAR\u00c7A<\/strong><\/td>\n<td>2<\/td>\n<td>2<\/td>\n<td>5<\/td>\n<td>7<\/td>\n<\/tr>\n<tr>\n<td><strong>BENAVENTE<\/strong><\/td>\n<td>9<\/td>\n<td>9<\/td>\n<td>73<\/td>\n<td>57<\/td>\n<\/tr>\n<tr>\n<td><strong>CARTAXO<\/strong><\/td>\n<td>4<\/td>\n<td>2<\/td>\n<td>29<\/td>\n<td>37<\/td>\n<\/tr>\n<tr>\n<td><strong>CHAMUSCA<\/strong><\/td>\n<td>&#8211;<\/td>\n<td>&#8211;<\/td>\n<td>10<\/td>\n<td>17<\/td>\n<\/tr>\n<tr>\n<td><strong>CONST\u00c2NCIA<\/strong><\/td>\n<td>&#8211;<\/td>\n<td>&#8211;<\/td>\n<td>5<\/td>\n<td>2<\/td>\n<\/tr>\n<tr>\n<td><strong>CORUCHE<\/strong><\/td>\n<td>3<\/td>\n<td>5<\/td>\n<td>36<\/td>\n<td>35<\/td>\n<\/tr>\n<tr>\n<td><strong>ENTRONCAMENTO<\/strong><\/td>\n<td>3<\/td>\n<td>5<\/td>\n<td>24<\/td>\n<td>32<\/td>\n<\/tr>\n<tr>\n<td><strong>FERREIRA DO Z\u00caZERE<\/strong><\/td>\n<td>1<\/td>\n<td>1<\/td>\n<td>13<\/td>\n<td>10<\/td>\n<\/tr>\n<tr>\n<td><strong>GOLEG\u00c3<\/strong><\/td>\n<td>1<\/td>\n<td>&#8211;<\/td>\n<td>11<\/td>\n<td>8<\/td>\n<\/tr>\n<tr>\n<td><strong>MA\u00c7\u00c3O<\/strong><\/td>\n<td>2<\/td>\n<td>1<\/td>\n<td>13<\/td>\n<td>11<\/td>\n<\/tr>\n<tr>\n<td><strong>OUR\u00c9M<\/strong><\/td>\n<td>13<\/td>\n<td>10<\/td>\n<td>96<\/td>\n<td>102<\/td>\n<\/tr>\n<tr>\n<td><strong>RIO MAIOR<\/strong><\/td>\n<td>2<\/td>\n<td>8<\/td>\n<td>32<\/td>\n<td>32<\/td>\n<\/tr>\n<tr>\n<td><strong>SALVATERRA DE MAGOS<\/strong><\/td>\n<td>3<\/td>\n<td>8<\/td>\n<td>46<\/td>\n<td>42<\/td>\n<\/tr>\n<tr>\n<td><strong>SANTAR\u00c9M<\/strong><\/td>\n<td>20<\/td>\n<td>10<\/td>\n<td>114<\/td>\n<td>141<\/td>\n<\/tr>\n<tr>\n<td><strong>SARDOAL<\/strong><\/td>\n<td>&#8211;<\/td>\n<td>&#8211;<\/td>\n<td>3<\/td>\n<td>6<\/td>\n<\/tr>\n<tr>\n<td><strong>TOMAR<\/strong><\/td>\n<td>6<\/td>\n<td>7<\/td>\n<td>42<\/td>\n<td>52<\/td>\n<\/tr>\n<tr>\n<td><strong>TORRES NOVAS<\/strong><\/td>\n<td>8<\/td>\n<td>5<\/td>\n<td>47<\/td>\n<td>55<\/td>\n<\/tr>\n<tr>\n<td><strong>VILA NOVA DA BARQUINHA<\/strong><\/td>\n<td>1<\/td>\n<td>2<\/td>\n<td>6<\/td>\n<td>7<\/td>\n<\/tr>\n<tr>\n<td><strong>TOTAL<\/strong><\/td>\n<td>92<\/td>\n<td>88<\/td>\n<td>697<\/td>\n<td>775<\/td>\n<\/tr>\n<\/tbody>\n<\/table>\n<div class=\"fb-background-color\">\n\t\t\t  <div \n\t\t\t  \tclass = \"fb-comments\" \n\t\t\t  \tdata-href = \"https:\/\/www.entroncamentoonline.pt\/portal\/santarem-retoma-lideranca-dos-concelhos-mais-empreendedores-do-distrito\/\"\n\t\t\t  \tdata-numposts = \"10\"\n\t\t\t  \tdata-lazy = \"true\"\n\t\t\t\tdata-colorscheme = \"light\"\n\t\t\t\tdata-order-by = \"social\"\n\t\t\t\tdata-mobile=true>\n\t\t\t  <\/div><\/div>\n\t\t  <style>\n\t\t    .fb-background-color {\n\t\t\t\tbackground:  !important;\n\t\t\t}\n\t\t\t.fb_iframe_widget_fluid_desktop iframe {\n\t\t\t    width: 100% !important;\n\t\t\t}\n\t\t  <\/style>\n\t\t  ","protected":false},"excerpt":{"rendered":"<p>No passado m\u00eas de julho, o concelho de Santar\u00e9m voltou a ser l\u00edder distrital no que ao empreendedorismo diz respeito. Este territ\u00f3rio foi o que mais empresas criou, seguindo-se Our\u00e9m e Benavente. No total foram criadas 92 empresas, mais quatro do que em igual per\u00edodo o ano passado. Na an\u00e1lise mensal \u00e0 cria\u00e7\u00e3o de empresas [&hellip;]<\/p>\n","protected":false},"author":1,"featured_media":0,"comment_status":"open","ping_status":"closed","sticky":false,"template":"","format":"standard","meta":{"_acf_changed":false,"footnotes":""},"categories":[51],"tags":[],"class_list":{"0":"post-11048","1":"post","2":"type-post","3":"status-publish","4":"format-standard","6":"category-breves"},"acf":[],"_links":{"self":[{"href":"https:\/\/www.entroncamentoonline.pt\/portal\/wp-json\/wp\/v2\/posts\/11048","targetHints":{"allow":["GET"]}}],"collection":[{"href":"https:\/\/www.entroncamentoonline.pt\/portal\/wp-json\/wp\/v2\/posts"}],"about":[{"href":"https:\/\/www.entroncamentoonline.pt\/portal\/wp-json\/wp\/v2\/types\/post"}],"author":[{"embeddable":true,"href":"https:\/\/www.entroncamentoonline.pt\/portal\/wp-json\/wp\/v2\/users\/1"}],"replies":[{"embeddable":true,"href":"https:\/\/www.entroncamentoonline.pt\/portal\/wp-json\/wp\/v2\/comments?post=11048"}],"version-history":[{"count":0,"href":"https:\/\/www.entroncamentoonline.pt\/portal\/wp-json\/wp\/v2\/posts\/11048\/revisions"}],"wp:attachment":[{"href":"https:\/\/www.entroncamentoonline.pt\/portal\/wp-json\/wp\/v2\/media?parent=11048"}],"wp:term":[{"taxonomy":"category","embeddable":true,"href":"https:\/\/www.entroncamentoonline.pt\/portal\/wp-json\/wp\/v2\/categories?post=11048"},{"taxonomy":"post_tag","embeddable":true,"href":"https:\/\/www.entroncamentoonline.pt\/portal\/wp-json\/wp\/v2\/tags?post=11048"}],"curies":[{"name":"wp","href":"https:\/\/api.w.org\/{rel}","templated":true}]}}