{"id":10986,"date":"2019-09-11T16:54:50","date_gmt":"2019-09-11T15:54:50","guid":{"rendered":"https:\/\/www.entroncamentoonline.pt\/portal\/?p=10986"},"modified":"2019-09-11T16:54:50","modified_gmt":"2019-09-11T15:54:50","slug":"leziria-do-tejo-inicio-do-ano-letivo-2019-2020-com-o-piicie-lt","status":"publish","type":"post","link":"https:\/\/www.entroncamentoonline.pt\/portal\/leziria-do-tejo-inicio-do-ano-letivo-2019-2020-com-o-piicie-lt\/","title":{"rendered":"Lez\u00edria do Tejo | In\u00edcio do ano letivo 2019\/2020 com o PIICIE LT"},"content":{"rendered":"<p>Com o arranque do ano letivo 2019\/2020 j\u00e1 no pr\u00f3ximo dia 13 de setembro, voltam a ter lugar as a\u00e7\u00f5es no \u00e2mbito do Plano Integrado e Inovador de Combate ao Insucesso Escolar na Lez\u00edria do Tejo (PIICIE LT).<\/p>\n<p>O projeto apresenta novidades nesta segunda metade da sua execu\u00e7\u00e3o, nomeadamente, Grupos de Pais de crian\u00e7as dos 8 aos 18 anos, Medita\u00e7\u00e3o Mindfulness em contexto de sala de aula, aulas na natureza, um concurso anual de empreendedorismo criativo e festival de inova\u00e7\u00e3o, <em>roadshow<\/em> do Laborat\u00f3rio M\u00f3vel nos 10 munic\u00edpios da Lez\u00edria do Tejo, a dinamiza\u00e7\u00e3o dos novos ambientes educativos inovadores \u2013 salas de aula do futuro e muitas outras atividades que ser\u00e3o desvendadas ao longo do ano.<\/p>\n<p>De lembrar que, no ano letivo 2018\/2019, dentro dos seus eixos de interven\u00e7\u00e3o, o PICIIE LT desenvolveu, atrav\u00e9s do trabalho e empenho dos Munic\u00edpios e das respetivas Equipas Multidisciplinares de Interven\u00e7\u00e3o Comunit\u00e1ria (EMIC) envolvidas, v\u00e1rias a\u00e7\u00f5es foram implementadas, entre as quais: Parentalidade Positiva e Mentoria, Oficinas de Intelig\u00eancia Emocional em v\u00e1rias turmas, o primeiro <em>roadshow<\/em> do Laborat\u00f3rio M\u00f3vel de Inova\u00e7\u00e3o e Aprendizagens CTEM (Ci\u00eancias, Tecnologia, Engenharia e Matem\u00e1tica), inaugura\u00e7\u00e3o de Salas do Futuro e a realiza\u00e7\u00e3o de <em>Bootcamps<\/em> Intermunicipais e Municipais de Criatividade e Inova\u00e7\u00e3o no Campo Militar de Santa Margarida e em Valada, no Cartaxo. Durante o ano letivo passado, o projeto superou as expectativas envolvendo um total de cerca de 15 mil benefici\u00e1rios, entre alunos, pais, professores, t\u00e9cnicos e educadores.<\/p>\n<p>O PIICIE LT \u00e9 um projeto promovido pela CIMLT e pelos seus munic\u00edpios associados, com vista \u00e0 promo\u00e7\u00e3o do sucesso educativo e \u00e0 preven\u00e7\u00e3o do abandono escolar, desde o pr\u00e9-escolar at\u00e9 aos ensinos b\u00e1sico e secund\u00e1rio.<\/p>\n<p>&nbsp;<\/p>\n<div class=\"fb-background-color\">\n\t\t\t  <div \n\t\t\t  \tclass = \"fb-comments\" \n\t\t\t  \tdata-href = \"https:\/\/www.entroncamentoonline.pt\/portal\/leziria-do-tejo-inicio-do-ano-letivo-2019-2020-com-o-piicie-lt\/\"\n\t\t\t  \tdata-numposts = \"10\"\n\t\t\t  \tdata-lazy = \"true\"\n\t\t\t\tdata-colorscheme = \"light\"\n\t\t\t\tdata-order-by = \"social\"\n\t\t\t\tdata-mobile=true>\n\t\t\t  <\/div><\/div>\n\t\t  <style>\n\t\t    .fb-background-color {\n\t\t\t\tbackground:  !important;\n\t\t\t}\n\t\t\t.fb_iframe_widget_fluid_desktop iframe {\n\t\t\t    width: 100% !important;\n\t\t\t}\n\t\t  <\/style>\n\t\t  ","protected":false},"excerpt":{"rendered":"<p>Com o arranque do ano letivo 2019\/2020 j\u00e1 no pr\u00f3ximo dia 13 de setembro, voltam a ter lugar as a\u00e7\u00f5es no \u00e2mbito do Plano Integrado e Inovador de Combate ao Insucesso Escolar na Lez\u00edria do Tejo (PIICIE LT). O projeto apresenta novidades nesta segunda metade da sua execu\u00e7\u00e3o, nomeadamente, Grupos de Pais de crian\u00e7as dos [&hellip;]<\/p>\n","protected":false},"author":1,"featured_media":0,"comment_status":"open","ping_status":"closed","sticky":false,"template":"","format":"standard","meta":{"_acf_changed":false,"footnotes":""},"categories":[51],"tags":[],"class_list":{"0":"post-10986","1":"post","2":"type-post","3":"status-publish","4":"format-standard","6":"category-breves"},"acf":[],"_links":{"self":[{"href":"https:\/\/www.entroncamentoonline.pt\/portal\/wp-json\/wp\/v2\/posts\/10986","targetHints":{"allow":["GET"]}}],"collection":[{"href":"https:\/\/www.entroncamentoonline.pt\/portal\/wp-json\/wp\/v2\/posts"}],"about":[{"href":"https:\/\/www.entroncamentoonline.pt\/portal\/wp-json\/wp\/v2\/types\/post"}],"author":[{"embeddable":true,"href":"https:\/\/www.entroncamentoonline.pt\/portal\/wp-json\/wp\/v2\/users\/1"}],"replies":[{"embeddable":true,"href":"https:\/\/www.entroncamentoonline.pt\/portal\/wp-json\/wp\/v2\/comments?post=10986"}],"version-history":[{"count":0,"href":"https:\/\/www.entroncamentoonline.pt\/portal\/wp-json\/wp\/v2\/posts\/10986\/revisions"}],"wp:attachment":[{"href":"https:\/\/www.entroncamentoonline.pt\/portal\/wp-json\/wp\/v2\/media?parent=10986"}],"wp:term":[{"taxonomy":"category","embeddable":true,"href":"https:\/\/www.entroncamentoonline.pt\/portal\/wp-json\/wp\/v2\/categories?post=10986"},{"taxonomy":"post_tag","embeddable":true,"href":"https:\/\/www.entroncamentoonline.pt\/portal\/wp-json\/wp\/v2\/tags?post=10986"}],"curies":[{"name":"wp","href":"https:\/\/api.w.org\/{rel}","templated":true}]}}