{"id":10867,"date":"2019-09-07T23:21:06","date_gmt":"2019-09-07T22:21:06","guid":{"rendered":"https:\/\/www.entroncamentoonline.pt\/portal\/?p=10867"},"modified":"2019-09-07T23:21:06","modified_gmt":"2019-09-07T22:21:06","slug":"municipio-de-tomar-convoca-todo-o-concelho-para-a-semana-global-pelo-clima","status":"publish","type":"post","link":"https:\/\/www.entroncamentoonline.pt\/portal\/municipio-de-tomar-convoca-todo-o-concelho-para-a-semana-global-pelo-clima\/","title":{"rendered":"Munic\u00edpio de Tomar convoca todo o concelho para a Semana Global pelo Clima"},"content":{"rendered":"<p><strong><em>Munic\u00edpio de Tomar d\u00e1 toler\u00e2ncia de ponto aos funcion\u00e1rios que quiserem fazer voluntariado pelo ambiente dia 27 de Setembro e lan\u00e7a o repto a outras pessoas e entidades. Concelho vai aderir \u00e0 Semana Global pelo Clima com um vasto programa que continua aberto a sugest\u00f5es.<\/em><\/strong><\/p>\n<p>O Munic\u00edpio de Tomar vai aderir \u00e0 Semana Global pelo Clima, entre os dias 20 e 27 de Setembro, com um conjunto de iniciativas pr\u00f3prias e abertas \u00e0 comunidade e que culminar\u00e1, no dia 27, dia da Greve Clim\u00e1tica Global, com uma a\u00e7\u00e3o de voluntariado.<\/p>\n<p>Para a autarquia faz todo o sentido aderir a esta iniciativa, uma vez que \u00e9 uma das pioneiras a n\u00edvel nacional na implementa\u00e7\u00e3o de medidas de mitiga\u00e7\u00e3o dos efeitos das altera\u00e7\u00f5es clim\u00e1ticas, atrav\u00e9s do Climadapt; que foi uma das cidades em que os alunos aderiram \u00e0 primeira greve estudantil global, tendo os seus representantes sido recebidos pelo vereador da Educa\u00e7\u00e3o e criada uma din\u00e2mica de cria\u00e7\u00e3o de uma associa\u00e7\u00e3o juvenil, juntando alunos dos dois agrupamentos que j\u00e1 desenvolveram v\u00e1rias actividades junto da comunidade e em espa\u00e7o escolar; e que nasceu tamb\u00e9m nas escolas locais (juntamente com as de Alcanena) uma das propostas vencedoras do Or\u00e7amento Participativo Jovem de Portugal, tendente a reduzir a utiliza\u00e7\u00e3o de pl\u00e1stico.<\/p>\n<p>Assim, foi criado um grupo de trabalho, que, em articula\u00e7\u00e3o direta com o executivo camar\u00e1rio e com outros atores locais, delineou a seguinte programa\u00e7\u00e3o:<\/p>\n<p>&#8211; <strong>dia 20<\/strong> \u2013 <strong>hastear de bandeiras com o planeta Terra<\/strong>, produzidas localmente e pintadas pelas crian\u00e7as dos ATLs do concelho.<\/p>\n<p>&#8211; <strong>dias 20 a 27<\/strong> &#8211; <strong>campanha de menus sustent\u00e1veis: <\/strong>prop\u00f5e-se aos restaurantes e cantinas do concelho que incluam nos seus menus pratos tendencialmente mais sustent\u00e1veis, com recurso a produtos locais e sazonais, mais vegetais e menos carne, especialmente de vaca.<\/p>\n<p>&#8211; <strong>dias 21 e 22<\/strong> \u2013 <strong>Ceyceyra Medieval<\/strong>, recria\u00e7\u00e3o hist\u00f3rica na aldeia de Asseiceira, evento onde \u00e9 proibido o pl\u00e1stico e que \u00e9 um dos melhores exemplos de sustentabilidade na programa\u00e7\u00e3o cultural do concelho.<\/p>\n<p>&#8211; <strong>dia 22<\/strong> \u2013 <strong>Dia Europeu Sem Carros<\/strong>, acesso gratuito aos autocarros dos Transportes Urbanos de Tomar<\/p>\n<p>&#8211; <strong>dia 22<\/strong>, no \u00e2mbito da iniciativa nacional <strong>M\u00e3os \u00e0 Obra<\/strong>, um grupo de jovens volunt\u00e1rios vai proceder a uma limpeza de diversos arruamentos da cidade de Tomar<\/p>\n<p>&#8211; <strong>dia 25<\/strong>, <strong>Dia Sem Pl\u00e1stico:<\/strong> iniciativa de sensibiliza\u00e7\u00e3o em que se prop\u00f5e que as pessoas interessadas se comprometam a n\u00e3o utilizar, durante 24 horas, pl\u00e1sticos descart\u00e1veis ou de uso \u00fanico. O objectivo \u00e9 que a popula\u00e7\u00e3o perceba o impacto que este tipo de pl\u00e1sticos tem no seu dia-a-dia e comece a tomar atitudes para reverter essa situa\u00e7\u00e3o.<\/p>\n<p>&#8211; <strong>dia 27<\/strong>, o dia da Greve Clim\u00e1tica Global vai ser marcado por uma <strong>ac\u00e7\u00e3o de voluntariado<\/strong> aberta a todos os funcion\u00e1rios do Munic\u00edpio, a cujos volunt\u00e1rios (e s\u00f3 a esses) ser\u00e1 concedida toler\u00e2ncia de ponto, que ir\u00e3o realizar, entre as 8h30 e as 14 horas, uma iniciativa concertada de limpeza da cidade nos espa\u00e7os n\u00e3o abrangidos pela a\u00e7\u00e3o de dia 22. Esta a\u00e7\u00e3o ser\u00e1 extensiva a volunt\u00e1rios externos ao Munic\u00edpio (que se dever\u00e3o inscrever previamente at\u00e9 20 de Setembro para <a href=\"mailto:clima@cm-tomar.pt\">clima@cm-tomar.pt<\/a>), bem como a outras institui\u00e7\u00f5es e empresas que se queiram associar (pede-se que contactem igualmente pelo referido endere\u00e7o electr\u00f3nico).<\/p>\n<p>&#8211; Al\u00e9m destas iniciativas, a programa\u00e7\u00e3o da Semana est\u00e1 aberta a todos aqueles que a ela se queiram associar de forma pertinente e sustent\u00e1vel. Todos os interessados devem entrar em contacto pelo e-mail referido ou atrav\u00e9s do telefone 249\u00a0329\u00a0877.<\/p>\n<div class=\"fb-background-color\">\n\t\t\t  <div \n\t\t\t  \tclass = \"fb-comments\" \n\t\t\t  \tdata-href = \"https:\/\/www.entroncamentoonline.pt\/portal\/municipio-de-tomar-convoca-todo-o-concelho-para-a-semana-global-pelo-clima\/\"\n\t\t\t  \tdata-numposts = \"10\"\n\t\t\t  \tdata-lazy = \"true\"\n\t\t\t\tdata-colorscheme = \"light\"\n\t\t\t\tdata-order-by = \"social\"\n\t\t\t\tdata-mobile=true>\n\t\t\t  <\/div><\/div>\n\t\t  <style>\n\t\t    .fb-background-color {\n\t\t\t\tbackground:  !important;\n\t\t\t}\n\t\t\t.fb_iframe_widget_fluid_desktop iframe {\n\t\t\t    width: 100% !important;\n\t\t\t}\n\t\t  <\/style>\n\t\t  ","protected":false},"excerpt":{"rendered":"<p>Munic\u00edpio de Tomar d\u00e1 toler\u00e2ncia de ponto aos funcion\u00e1rios que quiserem fazer voluntariado pelo ambiente dia 27 de Setembro e lan\u00e7a o repto a outras pessoas e entidades. Concelho vai aderir \u00e0 Semana Global pelo Clima com um vasto programa que continua aberto a sugest\u00f5es. O Munic\u00edpio de Tomar vai aderir \u00e0 Semana Global pelo [&hellip;]<\/p>\n","protected":false},"author":1,"featured_media":0,"comment_status":"open","ping_status":"closed","sticky":false,"template":"","format":"standard","meta":{"_acf_changed":false,"footnotes":""},"categories":[51],"tags":[],"class_list":{"0":"post-10867","1":"post","2":"type-post","3":"status-publish","4":"format-standard","6":"category-breves"},"acf":[],"_links":{"self":[{"href":"https:\/\/www.entroncamentoonline.pt\/portal\/wp-json\/wp\/v2\/posts\/10867","targetHints":{"allow":["GET"]}}],"collection":[{"href":"https:\/\/www.entroncamentoonline.pt\/portal\/wp-json\/wp\/v2\/posts"}],"about":[{"href":"https:\/\/www.entroncamentoonline.pt\/portal\/wp-json\/wp\/v2\/types\/post"}],"author":[{"embeddable":true,"href":"https:\/\/www.entroncamentoonline.pt\/portal\/wp-json\/wp\/v2\/users\/1"}],"replies":[{"embeddable":true,"href":"https:\/\/www.entroncamentoonline.pt\/portal\/wp-json\/wp\/v2\/comments?post=10867"}],"version-history":[{"count":0,"href":"https:\/\/www.entroncamentoonline.pt\/portal\/wp-json\/wp\/v2\/posts\/10867\/revisions"}],"wp:attachment":[{"href":"https:\/\/www.entroncamentoonline.pt\/portal\/wp-json\/wp\/v2\/media?parent=10867"}],"wp:term":[{"taxonomy":"category","embeddable":true,"href":"https:\/\/www.entroncamentoonline.pt\/portal\/wp-json\/wp\/v2\/categories?post=10867"},{"taxonomy":"post_tag","embeddable":true,"href":"https:\/\/www.entroncamentoonline.pt\/portal\/wp-json\/wp\/v2\/tags?post=10867"}],"curies":[{"name":"wp","href":"https:\/\/api.w.org\/{rel}","templated":true}]}}