{"id":10861,"date":"2019-09-07T22:07:22","date_gmt":"2019-09-07T21:07:22","guid":{"rendered":"https:\/\/www.entroncamentoonline.pt\/portal\/?p=10861"},"modified":"2019-09-07T22:07:22","modified_gmt":"2019-09-07T21:07:22","slug":"praia-do-ribatejo-inicia-comemoracoes-dos-500-anos-de-foral","status":"publish","type":"post","link":"https:\/\/www.entroncamentoonline.pt\/portal\/praia-do-ribatejo-inicia-comemoracoes-dos-500-anos-de-foral\/","title":{"rendered":"Praia do Ribatejo inicia comemora\u00e7\u00f5es dos 500 anos de Foral"},"content":{"rendered":"<p>Come\u00e7am na pr\u00f3xima segunda-feira, 9 de setembro, as comemora\u00e7\u00f5es dos 500 anos do Foral concedido a Payo de Pelle, atual Praia do Ribatejo, concelho de Vila Nova da Barquinha. O programa, que se estende at\u00e9 finais de dezembro, inclui v\u00e1rios eventos que v\u00e3o desde cerim\u00f3nias a teatros de rua e termina com a realiza\u00e7\u00e3o de uma Feira Renascentista.<\/p>\n<p>O 92\u00ba anivers\u00e1rio da Freguesia ser\u00e1 assinalado esta segunda-feira com o hastear simb\u00f3lico da bandeira na sede da Junta. J\u00e1 no m\u00eas de outubro, ter\u00e1 lugar a \u201cExalta\u00e7\u00e3o das Ordens\u201d \u2013 cerim\u00f3nia e cortejo alusivo a v\u00e1rias ordens religiosas hist\u00f3ricas, nomeadamente a dos Templ\u00e1rios e a de Cristo.<\/p>\n<p><img loading=\"lazy\" decoding=\"async\" class=\"wp-image-10862 alignright\" src=\"https:\/\/www.entroncamentoonline.pt\/portal\/wp-content\/uploads\/2019\/09\/foral-praia-do-ribatejo.jpg\" alt=\"\" width=\"350\" height=\"495\" srcset=\"https:\/\/www.entroncamentoonline.pt\/portal\/wp-content\/uploads\/2019\/09\/foral-praia-do-ribatejo.jpg 420w, https:\/\/www.entroncamentoonline.pt\/portal\/wp-content\/uploads\/2019\/09\/foral-praia-do-ribatejo-297x420.jpg 297w\" sizes=\"auto, (max-width: 350px) 100vw, 350px\" \/>Ainda em outubro, a 26, est\u00e3o previstas as Jornadas de Hist\u00f3ria Local. J\u00e1 em 16 de novembro est\u00e1 marcada um espet\u00e1culo de teatro de rua, \u201cVisita\u00e7\u00e3o\u201d.<\/p>\n<p>Para encerrar o cartaz, o momento alto das comemora\u00e7\u00f5es: a Feira Renascentista de Payo de Pelle, agendada para o fim de semana de 21 e 22 de dezembro.<\/p>\n<p>A Carta de Foral de Payo de Pelle foi concedida por D. Manuel I em 22 de dezembro de 1519. A vila manteve o nome Payo de Pelle at\u00e9 9 de setembro de 1927, altura em que passou a designar-se Praia do Ribatejo.<\/p>\n<p>Jo\u00e3o Lopes<\/p>\n<div class=\"fb-background-color\">\n\t\t\t  <div \n\t\t\t  \tclass = \"fb-comments\" \n\t\t\t  \tdata-href = \"https:\/\/www.entroncamentoonline.pt\/portal\/praia-do-ribatejo-inicia-comemoracoes-dos-500-anos-de-foral\/\"\n\t\t\t  \tdata-numposts = \"10\"\n\t\t\t  \tdata-lazy = \"true\"\n\t\t\t\tdata-colorscheme = \"light\"\n\t\t\t\tdata-order-by = \"social\"\n\t\t\t\tdata-mobile=true>\n\t\t\t  <\/div><\/div>\n\t\t  <style>\n\t\t    .fb-background-color {\n\t\t\t\tbackground:  !important;\n\t\t\t}\n\t\t\t.fb_iframe_widget_fluid_desktop iframe {\n\t\t\t    width: 100% !important;\n\t\t\t}\n\t\t  <\/style>\n\t\t  ","protected":false},"excerpt":{"rendered":"<p>Come\u00e7am na pr\u00f3xima segunda-feira, 9 de setembro, as comemora\u00e7\u00f5es dos 500 anos do Foral concedido a Payo de Pelle, atual Praia do Ribatejo, concelho de Vila Nova da Barquinha. O programa, que se estende at\u00e9 finais de dezembro, inclui v\u00e1rios eventos que v\u00e3o desde cerim\u00f3nias a teatros de rua e termina com a realiza\u00e7\u00e3o de [&hellip;]<\/p>\n","protected":false},"author":1,"featured_media":10863,"comment_status":"open","ping_status":"closed","sticky":false,"template":"","format":"standard","meta":{"_acf_changed":false,"footnotes":""},"categories":[32,38],"tags":[],"class_list":{"0":"post-10861","1":"post","2":"type-post","3":"status-publish","4":"format-standard","5":"has-post-thumbnail","7":"category-noticias","8":"category-v-n-barquinha"},"acf":[],"_links":{"self":[{"href":"https:\/\/www.entroncamentoonline.pt\/portal\/wp-json\/wp\/v2\/posts\/10861","targetHints":{"allow":["GET"]}}],"collection":[{"href":"https:\/\/www.entroncamentoonline.pt\/portal\/wp-json\/wp\/v2\/posts"}],"about":[{"href":"https:\/\/www.entroncamentoonline.pt\/portal\/wp-json\/wp\/v2\/types\/post"}],"author":[{"embeddable":true,"href":"https:\/\/www.entroncamentoonline.pt\/portal\/wp-json\/wp\/v2\/users\/1"}],"replies":[{"embeddable":true,"href":"https:\/\/www.entroncamentoonline.pt\/portal\/wp-json\/wp\/v2\/comments?post=10861"}],"version-history":[{"count":0,"href":"https:\/\/www.entroncamentoonline.pt\/portal\/wp-json\/wp\/v2\/posts\/10861\/revisions"}],"wp:featuredmedia":[{"embeddable":true,"href":"https:\/\/www.entroncamentoonline.pt\/portal\/wp-json\/wp\/v2\/media\/10863"}],"wp:attachment":[{"href":"https:\/\/www.entroncamentoonline.pt\/portal\/wp-json\/wp\/v2\/media?parent=10861"}],"wp:term":[{"taxonomy":"category","embeddable":true,"href":"https:\/\/www.entroncamentoonline.pt\/portal\/wp-json\/wp\/v2\/categories?post=10861"},{"taxonomy":"post_tag","embeddable":true,"href":"https:\/\/www.entroncamentoonline.pt\/portal\/wp-json\/wp\/v2\/tags?post=10861"}],"curies":[{"name":"wp","href":"https:\/\/api.w.org\/{rel}","templated":true}]}}