{"id":10786,"date":"2019-09-05T16:24:04","date_gmt":"2019-09-05T15:24:04","guid":{"rendered":"https:\/\/www.entroncamentoonline.pt\/portal\/?p=10786"},"modified":"2019-09-05T16:24:04","modified_gmt":"2019-09-05T15:24:04","slug":"encerramento-ao-transito-ruas-circundantes-ao-largo-jose-duarte-coelho","status":"publish","type":"post","link":"https:\/\/www.entroncamentoonline.pt\/portal\/encerramento-ao-transito-ruas-circundantes-ao-largo-jose-duarte-coelho\/","title":{"rendered":"Encerramento ao tr\u00e2nsito | Ruas Circundantes ao Largo Jos\u00e9 Duarte Coelho"},"content":{"rendered":"<p>A C\u00e2mara Municipal do Entroncamento informa que na sequ\u00eancia da realiza\u00e7\u00e3o da IV\u00aa Edi\u00e7\u00e3o do Street Food do Entroncamento, ir\u00e1 proceder-se ao\u00a0 encerramento ao tr\u00e2nsito nas ruas circundantes ao Largo Jos\u00e9 Duarte Coelho, nomeadamente, frente ao edif\u00edcio da C\u00e2mara Municipal e na lateral do Centro Cultural, lado dos correios.<\/p>\n<p>Datas e hor\u00e1rios:<\/p>\n<p>Desde o dia 6 de setembro, a partir das 8h00 at\u00e9 domingo, dia 8 de setembro.<\/p>\n<p>A C\u00e2mara Municipal \u201cagradece a compreens\u00e3o e pede desculpa pelos transtornos causados\u201d.<\/p>\n<div class=\"fb-background-color\">\n\t\t\t  <div \n\t\t\t  \tclass = \"fb-comments\" \n\t\t\t  \tdata-href = \"https:\/\/www.entroncamentoonline.pt\/portal\/encerramento-ao-transito-ruas-circundantes-ao-largo-jose-duarte-coelho\/\"\n\t\t\t  \tdata-numposts = \"10\"\n\t\t\t  \tdata-lazy = \"true\"\n\t\t\t\tdata-colorscheme = \"light\"\n\t\t\t\tdata-order-by = \"social\"\n\t\t\t\tdata-mobile=true>\n\t\t\t  <\/div><\/div>\n\t\t  <style>\n\t\t    .fb-background-color {\n\t\t\t\tbackground:  !important;\n\t\t\t}\n\t\t\t.fb_iframe_widget_fluid_desktop iframe {\n\t\t\t    width: 100% !important;\n\t\t\t}\n\t\t  <\/style>\n\t\t  ","protected":false},"excerpt":{"rendered":"<p>A C\u00e2mara Municipal do Entroncamento informa que na sequ\u00eancia da realiza\u00e7\u00e3o da IV\u00aa Edi\u00e7\u00e3o do Street Food do Entroncamento, ir\u00e1 proceder-se ao\u00a0 encerramento ao tr\u00e2nsito nas ruas circundantes ao Largo Jos\u00e9 Duarte Coelho, nomeadamente, frente ao edif\u00edcio da C\u00e2mara Municipal e na lateral do Centro Cultural, lado dos correios. Datas e hor\u00e1rios: Desde o dia [&hellip;]<\/p>\n","protected":false},"author":1,"featured_media":0,"comment_status":"open","ping_status":"closed","sticky":false,"template":"","format":"standard","meta":{"_acf_changed":false,"footnotes":""},"categories":[51],"tags":[],"class_list":{"0":"post-10786","1":"post","2":"type-post","3":"status-publish","4":"format-standard","6":"category-breves"},"acf":[],"_links":{"self":[{"href":"https:\/\/www.entroncamentoonline.pt\/portal\/wp-json\/wp\/v2\/posts\/10786","targetHints":{"allow":["GET"]}}],"collection":[{"href":"https:\/\/www.entroncamentoonline.pt\/portal\/wp-json\/wp\/v2\/posts"}],"about":[{"href":"https:\/\/www.entroncamentoonline.pt\/portal\/wp-json\/wp\/v2\/types\/post"}],"author":[{"embeddable":true,"href":"https:\/\/www.entroncamentoonline.pt\/portal\/wp-json\/wp\/v2\/users\/1"}],"replies":[{"embeddable":true,"href":"https:\/\/www.entroncamentoonline.pt\/portal\/wp-json\/wp\/v2\/comments?post=10786"}],"version-history":[{"count":0,"href":"https:\/\/www.entroncamentoonline.pt\/portal\/wp-json\/wp\/v2\/posts\/10786\/revisions"}],"wp:attachment":[{"href":"https:\/\/www.entroncamentoonline.pt\/portal\/wp-json\/wp\/v2\/media?parent=10786"}],"wp:term":[{"taxonomy":"category","embeddable":true,"href":"https:\/\/www.entroncamentoonline.pt\/portal\/wp-json\/wp\/v2\/categories?post=10786"},{"taxonomy":"post_tag","embeddable":true,"href":"https:\/\/www.entroncamentoonline.pt\/portal\/wp-json\/wp\/v2\/tags?post=10786"}],"curies":[{"name":"wp","href":"https:\/\/api.w.org\/{rel}","templated":true}]}}