{"id":10784,"date":"2019-09-05T16:12:44","date_gmt":"2019-09-05T15:12:44","guid":{"rendered":"https:\/\/www.entroncamentoonline.pt\/portal\/?p=10784"},"modified":"2019-09-05T16:12:44","modified_gmt":"2019-09-05T15:12:44","slug":"orfeao-do-entroncamento-abre-classe-para-criancas","status":"publish","type":"post","link":"https:\/\/www.entroncamentoonline.pt\/portal\/orfeao-do-entroncamento-abre-classe-para-criancas\/","title":{"rendered":"Orfe\u00e3o do Entroncamento abre classe para crian\u00e7as"},"content":{"rendered":"<p>O Orfe\u00e3o do Entroncamento vai abrir uma classe para crian\u00e7as para o ano letivo 2019\/2020. Trata-se do Profeto Jardim Musical destinado a crian\u00e7as do pr\u00e9-escolar entre os 3 (+ ou -) e os 5 (+ ou -) anos de idade, que comtempla uma aula semanal com dura\u00e7\u00e3o de 45 minutos.<\/p>\n<p>As aulas s\u00e3o coletivas e organizadas em grupo e o objetivo principal \u00e9 proporcionar uma viv\u00eancia e pr\u00e1tica musical, que possibilite a aquisi\u00e7\u00e3o de compet\u00eancias do dom\u00ednio sensorial, o desenvolvimento da capacidade de escuta, a concentra\u00e7\u00e3o e o ouvido musical.<\/p>\n<p>As pr\u00e9 inscri\u00e7\u00f5es poder\u00e3o ser feitas at\u00e9 ao final de setembro, presencialmente \u00e0s ter\u00e7as e sextas a partir das 21h30 na sede do Orfe\u00e3o (rua 5 de outubro, 101, 1\u00ba, pelo mail <a href=\"mailto:orfeaoentroncamento@hotmail.com\">orfeaoentroncamento@hotmail.com<\/a> e pelo telefone 919\u00a0966\u00a0155.<\/p>\n<p>Em paralelo continuar\u00e3o em funcionamento as classes de forma\u00e7\u00e3o musical e instrumental j\u00e1 existentes.<\/p>\n<div class=\"fb-background-color\">\n\t\t\t  <div \n\t\t\t  \tclass = \"fb-comments\" \n\t\t\t  \tdata-href = \"https:\/\/www.entroncamentoonline.pt\/portal\/orfeao-do-entroncamento-abre-classe-para-criancas\/\"\n\t\t\t  \tdata-numposts = \"10\"\n\t\t\t  \tdata-lazy = \"true\"\n\t\t\t\tdata-colorscheme = \"light\"\n\t\t\t\tdata-order-by = \"social\"\n\t\t\t\tdata-mobile=true>\n\t\t\t  <\/div><\/div>\n\t\t  <style>\n\t\t    .fb-background-color {\n\t\t\t\tbackground:  !important;\n\t\t\t}\n\t\t\t.fb_iframe_widget_fluid_desktop iframe {\n\t\t\t    width: 100% !important;\n\t\t\t}\n\t\t  <\/style>\n\t\t  ","protected":false},"excerpt":{"rendered":"<p>O Orfe\u00e3o do Entroncamento vai abrir uma classe para crian\u00e7as para o ano letivo 2019\/2020. Trata-se do Profeto Jardim Musical destinado a crian\u00e7as do pr\u00e9-escolar entre os 3 (+ ou -) e os 5 (+ ou -) anos de idade, que comtempla uma aula semanal com dura\u00e7\u00e3o de 45 minutos. As aulas s\u00e3o coletivas e [&hellip;]<\/p>\n","protected":false},"author":1,"featured_media":0,"comment_status":"open","ping_status":"closed","sticky":false,"template":"","format":"standard","meta":{"_acf_changed":false,"footnotes":""},"categories":[51],"tags":[],"class_list":{"0":"post-10784","1":"post","2":"type-post","3":"status-publish","4":"format-standard","6":"category-breves"},"acf":[],"_links":{"self":[{"href":"https:\/\/www.entroncamentoonline.pt\/portal\/wp-json\/wp\/v2\/posts\/10784","targetHints":{"allow":["GET"]}}],"collection":[{"href":"https:\/\/www.entroncamentoonline.pt\/portal\/wp-json\/wp\/v2\/posts"}],"about":[{"href":"https:\/\/www.entroncamentoonline.pt\/portal\/wp-json\/wp\/v2\/types\/post"}],"author":[{"embeddable":true,"href":"https:\/\/www.entroncamentoonline.pt\/portal\/wp-json\/wp\/v2\/users\/1"}],"replies":[{"embeddable":true,"href":"https:\/\/www.entroncamentoonline.pt\/portal\/wp-json\/wp\/v2\/comments?post=10784"}],"version-history":[{"count":0,"href":"https:\/\/www.entroncamentoonline.pt\/portal\/wp-json\/wp\/v2\/posts\/10784\/revisions"}],"wp:attachment":[{"href":"https:\/\/www.entroncamentoonline.pt\/portal\/wp-json\/wp\/v2\/media?parent=10784"}],"wp:term":[{"taxonomy":"category","embeddable":true,"href":"https:\/\/www.entroncamentoonline.pt\/portal\/wp-json\/wp\/v2\/categories?post=10784"},{"taxonomy":"post_tag","embeddable":true,"href":"https:\/\/www.entroncamentoonline.pt\/portal\/wp-json\/wp\/v2\/tags?post=10784"}],"curies":[{"name":"wp","href":"https:\/\/api.w.org\/{rel}","templated":true}]}}