{"id":10752,"date":"2019-09-03T22:42:14","date_gmt":"2019-09-03T21:42:14","guid":{"rendered":"https:\/\/www.entroncamentoonline.pt\/portal\/?p=10752"},"modified":"2019-09-03T22:42:14","modified_gmt":"2019-09-03T21:42:14","slug":"mais-56-camas-de-cuidados-continuados-integrados-na-regiao-de-lisboa-e-vale-do-tejo","status":"publish","type":"post","link":"https:\/\/www.entroncamentoonline.pt\/portal\/mais-56-camas-de-cuidados-continuados-integrados-na-regiao-de-lisboa-e-vale-do-tejo\/","title":{"rendered":"Mais 56 camas de Cuidados Continuados Integrados na Regi\u00e3o de Lisboa e Vale do Tejo"},"content":{"rendered":"<p>A Administra\u00e7\u00e3o Regional de Sa\u00fade de Lisboa e Vale do Tejo (ARSLVT) disponibiliza mais 56 camas de Cuidados Continuados Integrados, o que eleva o n\u00famero para um total, na regi\u00e3o, de 2.387 camas para a presta\u00e7\u00e3o deste n\u00edvel interm\u00e9dio de cuidados de sa\u00fade e apoio social.<\/p>\n<p>A ARSLVT, o Instituto da Seguran\u00e7a Social e a Funda\u00e7\u00e3o Ant\u00f3nio Manuel Figueiredo Sardinha (FAS) assinaram, hoje, dia 3 de setembro, dois novos contratos programa nas tipologias M\u00e9dia Dura\u00e7\u00e3o e Reabilita\u00e7\u00e3o e Longa Dura\u00e7\u00e3o e Manuten\u00e7\u00e3o.<\/p>\n<p>A FAS, situada no concelho de Sintra, passa a integrar a Rede Nacional de Cuidados Continuados Integrados (RNCCI) com a Unidade de Cuidados Continuados Integrados \u201cCasa do Sagrado Cora\u00e7\u00e3o de Jesus\u201d, com um total de 56 camas distribu\u00eddas pelas seguintes tipologias: 30 camas de Unidade de Longa Dura\u00e7\u00e3o e Manuten\u00e7\u00e3o (ULDM) e 26 camas de Unidade de M\u00e9dia Dura\u00e7\u00e3o e Reabilita\u00e7\u00e3o (UMDR).<\/p>\n<p>Assim, a regi\u00e3o de Lisboa e Vale do Tejo passa a contar, a partir de agora, com 2.387 camas de internamento neste n\u00edvel interm\u00e9dio de cuidados de sa\u00fade e apoio social, distribu\u00eddas por quatro tipologias:<\/p>\n<ul>\n<li>Convalescen\u00e7a (UC) \u2013 235<\/li>\n<li>Cuidados Paliativos (UCP) &#8211; 127<\/li>\n<li>M\u00e9dia Dura\u00e7\u00e3o e Reabilita\u00e7\u00e3o (UMDR) &#8211; 810<\/li>\n<li>Longa Dura\u00e7\u00e3o e Manuten\u00e7\u00e3o (ULDM) \u2013 1215<\/li>\n<\/ul>\n<p>As Unidades de Internamento de Cuidados Continuados Integrados (UCCI) t\u00eam por objetivo a presta\u00e7\u00e3o de cuidados de sa\u00fade e de apoio social de forma continuada e integrada a pessoas que, independentemente da idade, se encontrem em situa\u00e7\u00e3o de depend\u00eancia, permitindo a promo\u00e7\u00e3o da reabilita\u00e7\u00e3o, estabiliza\u00e7\u00e3o clinica e autonomia dos doentes. Nas UCCI s\u00e3o prestados cuidados que previnem e retardam o agravamento da situa\u00e7\u00e3o de depend\u00eancia, favorecendo o conforto e qualidade de vida. Este n\u00edvel interm\u00e9dio de cuidados contribui para a gest\u00e3o das altas hospitalares permitindo que as camas dos hospitais sejam atribu\u00eddas a doentes agudos.<\/p>\n<p>A ARSLVT d\u00e1 assim continuidade ao compromisso de melhorar a resposta assistencial aos seus 3,6 milh\u00f5es de utentes.<\/p>\n<div class=\"fb-background-color\">\n\t\t\t  <div \n\t\t\t  \tclass = \"fb-comments\" \n\t\t\t  \tdata-href = \"https:\/\/www.entroncamentoonline.pt\/portal\/mais-56-camas-de-cuidados-continuados-integrados-na-regiao-de-lisboa-e-vale-do-tejo\/\"\n\t\t\t  \tdata-numposts = \"10\"\n\t\t\t  \tdata-lazy = \"true\"\n\t\t\t\tdata-colorscheme = \"light\"\n\t\t\t\tdata-order-by = \"social\"\n\t\t\t\tdata-mobile=true>\n\t\t\t  <\/div><\/div>\n\t\t  <style>\n\t\t    .fb-background-color {\n\t\t\t\tbackground:  !important;\n\t\t\t}\n\t\t\t.fb_iframe_widget_fluid_desktop iframe {\n\t\t\t    width: 100% !important;\n\t\t\t}\n\t\t  <\/style>\n\t\t  ","protected":false},"excerpt":{"rendered":"<p>A Administra\u00e7\u00e3o Regional de Sa\u00fade de Lisboa e Vale do Tejo (ARSLVT) disponibiliza mais 56 camas de Cuidados Continuados Integrados, o que eleva o n\u00famero para um total, na regi\u00e3o, de 2.387 camas para a presta\u00e7\u00e3o deste n\u00edvel interm\u00e9dio de cuidados de sa\u00fade e apoio social. A ARSLVT, o Instituto da Seguran\u00e7a Social e a [&hellip;]<\/p>\n","protected":false},"author":1,"featured_media":0,"comment_status":"open","ping_status":"closed","sticky":false,"template":"","format":"standard","meta":{"_acf_changed":false,"footnotes":""},"categories":[51],"tags":[],"class_list":{"0":"post-10752","1":"post","2":"type-post","3":"status-publish","4":"format-standard","6":"category-breves"},"acf":[],"_links":{"self":[{"href":"https:\/\/www.entroncamentoonline.pt\/portal\/wp-json\/wp\/v2\/posts\/10752","targetHints":{"allow":["GET"]}}],"collection":[{"href":"https:\/\/www.entroncamentoonline.pt\/portal\/wp-json\/wp\/v2\/posts"}],"about":[{"href":"https:\/\/www.entroncamentoonline.pt\/portal\/wp-json\/wp\/v2\/types\/post"}],"author":[{"embeddable":true,"href":"https:\/\/www.entroncamentoonline.pt\/portal\/wp-json\/wp\/v2\/users\/1"}],"replies":[{"embeddable":true,"href":"https:\/\/www.entroncamentoonline.pt\/portal\/wp-json\/wp\/v2\/comments?post=10752"}],"version-history":[{"count":0,"href":"https:\/\/www.entroncamentoonline.pt\/portal\/wp-json\/wp\/v2\/posts\/10752\/revisions"}],"wp:attachment":[{"href":"https:\/\/www.entroncamentoonline.pt\/portal\/wp-json\/wp\/v2\/media?parent=10752"}],"wp:term":[{"taxonomy":"category","embeddable":true,"href":"https:\/\/www.entroncamentoonline.pt\/portal\/wp-json\/wp\/v2\/categories?post=10752"},{"taxonomy":"post_tag","embeddable":true,"href":"https:\/\/www.entroncamentoonline.pt\/portal\/wp-json\/wp\/v2\/tags?post=10752"}],"curies":[{"name":"wp","href":"https:\/\/api.w.org\/{rel}","templated":true}]}}