{"id":10750,"date":"2019-09-03T22:35:32","date_gmt":"2019-09-03T21:35:32","guid":{"rendered":"https:\/\/www.entroncamentoonline.pt\/portal\/?p=10750"},"modified":"2019-09-03T22:35:32","modified_gmt":"2019-09-03T21:35:32","slug":"inspirar-para-a-mudanca-na-abertura-do-ano-letivo-em-tomar","status":"publish","type":"post","link":"https:\/\/www.entroncamentoonline.pt\/portal\/inspirar-para-a-mudanca-na-abertura-do-ano-letivo-em-tomar\/","title":{"rendered":"Inspirar para a mudan\u00e7a na abertura do ano letivo em Tomar"},"content":{"rendered":"<p style=\"text-align: justify; text-indent: 1.0cm; line-height: 150%; background: white; text-autospace: none;\"><span style=\"font-size: 10.0pt; line-height: 150%; font-family: 'Tahoma',sans-serif; color: black;\">\u201cEm Tomar a aprender\u201d \u00e9 nome gen\u00e9rico do encontro de abertura do ano letivo que vai juntar, dia 9, educadores e professores, e dia 10 de Setembro o pessoal n\u00e3o docente do concelho de Tomar, numa iniciativa do Munic\u00edpio e do Centro de Forma\u00e7\u00e3o de Professores \u201cOs Templ\u00e1rios\u201d em parceria com os agrupamentos de escolas Nuno de Santa Maria e Templ\u00e1rios, Escola Profissional de Tomar e Instituto de Emprego e Forma\u00e7\u00e3o Profissional.<\/span><\/p>\n<p style=\"text-align: justify; text-indent: 1.0cm; line-height: 150%; background: white; text-autospace: none;\"><span style=\"font-size: 10.0pt; line-height: 150%; font-family: 'Tahoma',sans-serif; color: black;\">Na segunda-feira, dia 9, a sess\u00e3o decorrer\u00e1 no Cine-Teatro Para\u00edso, com sess\u00e3o de abertura \u00e0s 10 horas da manh\u00e3, seguindo-se uma mesa redonda alusiva ao tema \u201cEscola criativa, alunos criativos\u201d, com a presen\u00e7a de Jo\u00e3o Mil Homens, representante em Portugal da\u00a0Singulary University,\u00a0e\u00a0de\u00a0Sara Brighenti, subcomiss\u00e1ria\u00a0do Plano Nacional das Artes.<\/span><\/p>\n<p style=\"text-align: justify; text-indent: 1.0cm; line-height: 150%; background: white; text-autospace: none;\"><span style=\"font-size: 10.0pt; line-height: 150%; font-family: 'Tahoma',sans-serif; color: black;\">O objetivo \u00e9 inspirar aqueles que est\u00e3o na linha da frente da mudan\u00e7a, os professores, que este ano, em Tomar, s\u00e3o convidados\u00a0a abra\u00e7arem novos desafios\u00a0no processo de ensino aprendizagem atrav\u00e9s do Plano Nacional das Artes. As linguagens e as manifesta\u00e7\u00f5es art\u00edsticas v\u00eam acrescentar novos processos e multiplicar as hip\u00f3teses de intera\u00e7\u00e3o,\u00a0ajudando a ver mais e de diferentes prismas. \u00c9 necess\u00e1rio que os alunos consigam resolver <span style=\"background: white;\">problemas\u00a0dif\u00edceis,<\/span>\u00a0tenham pensamento critico,\u00a0sejam criativos,\u00a0saibam relacionar-se com os seus pares,\u00a0tenham intelig\u00eancia emocional e\u00a0compet\u00eancias interpessoais,\u00a0para al\u00e9m de serem cognitivamente flex\u00edveis. Isto porque est\u00e3o aa ser preparados para \u00e9pocas que n\u00e3o conhecemos, para um mundo em que a tecnologia j\u00e1 dispon\u00edvel aponta para uma imensa reformula\u00e7\u00e3o das profiss\u00f5es que conhecemos.<\/span><\/p>\n<p style=\"text-align: justify; text-indent: 1.0cm; line-height: 150%; background: white; text-autospace: none;\"><span style=\"font-size: 10.0pt; line-height: 150%; font-family: 'Tahoma',sans-serif; color: black;\">Da parte da tarde, haver\u00e1 visitas culturais ao Centro de Arqueologias do IPT, Complexo Cultural da Levada e Centro de Estudos em Fotografia de Tomar.<\/span><\/p>\n<p style=\"text-align: justify; text-indent: 1.0cm; line-height: 150%; background: white;\"><span style=\"font-size: 10.0pt; line-height: 150%; font-family: 'Tahoma',sans-serif; color: black;\">Na ter\u00e7a-feira, dia 10, ser\u00e1 a vez do pessoal n\u00e3o docente ser recebido na Biblioteca Municipal, a partir das 15 horas, onde haver\u00e1 uma palestra com Jos\u00e9 Miguel Oliveira.<\/span><\/p>\n<p>&nbsp;<\/p>\n<div class=\"fb-background-color\">\n\t\t\t  <div \n\t\t\t  \tclass = \"fb-comments\" \n\t\t\t  \tdata-href = \"https:\/\/www.entroncamentoonline.pt\/portal\/inspirar-para-a-mudanca-na-abertura-do-ano-letivo-em-tomar\/\"\n\t\t\t  \tdata-numposts = \"10\"\n\t\t\t  \tdata-lazy = \"true\"\n\t\t\t\tdata-colorscheme = \"light\"\n\t\t\t\tdata-order-by = \"social\"\n\t\t\t\tdata-mobile=true>\n\t\t\t  <\/div><\/div>\n\t\t  <style>\n\t\t    .fb-background-color {\n\t\t\t\tbackground:  !important;\n\t\t\t}\n\t\t\t.fb_iframe_widget_fluid_desktop iframe {\n\t\t\t    width: 100% !important;\n\t\t\t}\n\t\t  <\/style>\n\t\t  ","protected":false},"excerpt":{"rendered":"<p>\u201cEm Tomar a aprender\u201d \u00e9 nome gen\u00e9rico do encontro de abertura do ano letivo que vai juntar, dia 9, educadores e professores, e dia 10 de Setembro o pessoal n\u00e3o docente do concelho de Tomar, numa iniciativa do Munic\u00edpio e do Centro de Forma\u00e7\u00e3o de Professores \u201cOs Templ\u00e1rios\u201d em parceria com os agrupamentos de escolas [&hellip;]<\/p>\n","protected":false},"author":1,"featured_media":0,"comment_status":"open","ping_status":"closed","sticky":false,"template":"","format":"standard","meta":{"_acf_changed":false,"footnotes":""},"categories":[51],"tags":[],"class_list":{"0":"post-10750","1":"post","2":"type-post","3":"status-publish","4":"format-standard","6":"category-breves"},"acf":[],"_links":{"self":[{"href":"https:\/\/www.entroncamentoonline.pt\/portal\/wp-json\/wp\/v2\/posts\/10750","targetHints":{"allow":["GET"]}}],"collection":[{"href":"https:\/\/www.entroncamentoonline.pt\/portal\/wp-json\/wp\/v2\/posts"}],"about":[{"href":"https:\/\/www.entroncamentoonline.pt\/portal\/wp-json\/wp\/v2\/types\/post"}],"author":[{"embeddable":true,"href":"https:\/\/www.entroncamentoonline.pt\/portal\/wp-json\/wp\/v2\/users\/1"}],"replies":[{"embeddable":true,"href":"https:\/\/www.entroncamentoonline.pt\/portal\/wp-json\/wp\/v2\/comments?post=10750"}],"version-history":[{"count":0,"href":"https:\/\/www.entroncamentoonline.pt\/portal\/wp-json\/wp\/v2\/posts\/10750\/revisions"}],"wp:attachment":[{"href":"https:\/\/www.entroncamentoonline.pt\/portal\/wp-json\/wp\/v2\/media?parent=10750"}],"wp:term":[{"taxonomy":"category","embeddable":true,"href":"https:\/\/www.entroncamentoonline.pt\/portal\/wp-json\/wp\/v2\/categories?post=10750"},{"taxonomy":"post_tag","embeddable":true,"href":"https:\/\/www.entroncamentoonline.pt\/portal\/wp-json\/wp\/v2\/tags?post=10750"}],"curies":[{"name":"wp","href":"https:\/\/api.w.org\/{rel}","templated":true}]}}