{"id":10677,"date":"2019-09-01T15:23:15","date_gmt":"2019-09-01T14:23:15","guid":{"rendered":"https:\/\/www.entroncamentoonline.pt\/portal\/?p=10677"},"modified":"2019-09-11T16:03:24","modified_gmt":"2019-09-11T15:03:24","slug":"em-defesa-do-tejo-descida-de-canoa-da-barragem-de-ortiga-belver-ate-as-mouriscas-e-concentracao-iberica-no-dia-7","status":"publish","type":"post","link":"https:\/\/www.entroncamentoonline.pt\/portal\/em-defesa-do-tejo-descida-de-canoa-da-barragem-de-ortiga-belver-ate-as-mouriscas-e-concentracao-iberica-no-dia-7\/","title":{"rendered":"\u201cEM DEFESA DO TEJO\u201d | Descida de Canoa da Barragem de Ortiga\/Belver at\u00e9 \u00e0s Mouriscas e concentra\u00e7\u00e3o ib\u00e9rica no dia 7"},"content":{"rendered":"<p>Os 10 anos de atividade do proTEJO em defesa do Tejo ser\u00e3o celebrados no pr\u00f3ximo dia 7 de setembro com a descida de canoa &#8220;7\u00ba Vogar contra a indiferen\u00e7a&#8221; que conta j\u00e1 com 60 pessoas inscritas em 40 embarca\u00e7\u00f5es que ir\u00e3o colorir o rio Tejo de todas as cores, estando as inscri\u00e7\u00f5es ainda abertas at\u00e9 ao pr\u00f3ximo dia 3 de setembro (ter\u00e7a-feira) para quem desejar descobrir o rio Tejo num percurso conhecido de poucos entre a Barragem de Ortiga-Belver no munic\u00edpio de Ma\u00e7\u00e3o e a Esta\u00e7\u00e3o das Mouriscas no munic\u00edpio de Abrantes. Entre estes cidad\u00e3os conta-se uma participa\u00e7\u00e3o muito significativa de amigos do Tejo de Espanha pertencentes \u00e0 Rede de Cidadania por uma Nova Cultura da \u00c1gua do Tejo\/Tajo e seus afluentes, sendo muitos os inscritos, como ali\u00e1s \u00e9 habitual.<\/p>\n<p>A descida em canoa ter\u00e1 in\u00edcio a jusante da Barragem de Ortiga-Belver e a expedi\u00e7\u00e3o tem destino \u00e0 Esta\u00e7\u00e3o das Mouriscas, culminando num almo\u00e7o em restaurante da Ortiga ou em picnic conv\u00edvio, \u00e0 escolha dos participantes.<\/p>\n<p>Durante este percurso fluvial pretende-se real\u00e7ar a beleza do patrim\u00f3nio natural de um rio Tejo livre com din\u00e2mica fluvial e do patrim\u00f3nio cultural do rio Tejo associado \u00e0 pesca tradicional no Munic\u00edpio de Ma\u00e7\u00e3o, em especial, as preciosas pesqueiras do rio Tejo, aut\u00eanticas obras de arte, cuja constru\u00e7\u00e3o assenta na t\u00e9cnica de execu\u00e7\u00e3o designada na regi\u00e3o por de \u201cpedra ao alto\u201d e de tal efic\u00e1cia na resist\u00eancia \u00e0 natural for\u00e7a das correntes de \u00e1gua que viria a ser utilizada por Juan Bautista Antonelli, em 1583, na constru\u00e7\u00e3o dos caminhos de sirga e no ent\u00e3o criado e ainda hoje existente Canal de Alfanzira, em Mouriscas, no \u00e2mbito do projeto de navegabilidade do rio Tejo, no in\u00edcio do reinado de Filipe I.<\/p>\n<p><img loading=\"lazy\" decoding=\"async\" class=\"size-full wp-image-10678 alignright\" src=\"https:\/\/www.entroncamentoonline.pt\/portal\/wp-content\/uploads\/2019\/09\/VogarProtejo.jpg\" alt=\"\" width=\"420\" height=\"594\" srcset=\"https:\/\/www.entroncamentoonline.pt\/portal\/wp-content\/uploads\/2019\/09\/VogarProtejo.jpg 420w, https:\/\/www.entroncamentoonline.pt\/portal\/wp-content\/uploads\/2019\/09\/VogarProtejo-297x420.jpg 297w\" sizes=\"auto, (max-width: 420px) 100vw, 420px\" \/>\u00c0s pesqueiras, para serem utilizadas como suporte da pesca \u00e0 Varela, ao criarem as correntes de \u00e1gua adequadas ao exerc\u00edcio, com sucesso, daquela t\u00e9cnica, junta-se outro equipamento, o barco picareto, constru\u00eddo pelos calafates locais, imprescind\u00edvel para a pesca com recurso ao tresmalho ou \u00e0 tarrafa.<\/p>\n<p>E porque n\u00e3o \u00e9 indiferente \u00e0 cultura material e imaterial dos ecossistemas e comunidades taganas, bem pelo contr\u00e1rio, manifestar-se-\u00e3o igualmente protestos contra a sobre explora\u00e7\u00e3o a que o Tejo se encontra submetido.<\/p>\n<p>Neste sentido, ir\u00e1 proceder-se \u00e0 leitura da Carta Contra a Indiferen\u00e7a na qual se evidencia a necessidade de defender um rio Tejo livre com din\u00e2mica fluvial pela rejei\u00e7\u00e3o dos novos projetos de constru\u00e7\u00e3o de novos a\u00e7udes e barragens &#8211; Projeto Tejo e a Barragem do Alvito &#8211; e pela exig\u00eancia de uma regulamenta\u00e7\u00e3o daqueles que j\u00e1 existem de modo a garantir: um regime fluvial adequado \u00e0 pr\u00e1tica de atividades n\u00e1uticas e \u00e0 migra\u00e7\u00e3o e reprodu\u00e7\u00e3o das esp\u00e9cies pisc\u00edcolas; um estabelecimento de verdadeiros caudais ecol\u00f3gicos; e uma continuidade fluvial proporcionada por eficazes passagens para peixes e pequenas embarca\u00e7\u00f5es.<\/p>\n<p>Pretende-se, em especial, consciencializar as popula\u00e7\u00f5es ribeirinhas para a sobre explora\u00e7\u00e3o da \u00e1gua do Tejo que se avizinha com a constru\u00e7\u00e3o de novos a\u00e7udes e barragens e que j\u00e1 existe face \u00e0 gest\u00e3o economicista das barragens hidroel\u00e9tricas da estremadura espanhola, aos transvases da \u00e1gua do Tejo para a agricultura intensiva no sul de Espanha e \u00e0 agress\u00e3o da polui\u00e7\u00e3o agr\u00edcola, industrial e nuclear, real\u00e7ando ainda a import\u00e2ncia do regresso de modos de vida ligados \u00e0 \u00e1gua e ao rio que as atividades de educa\u00e7\u00e3o e turismo de natureza, cultural e ambiental permitir\u00e3o sustentar.<\/p>\n<p>A tarde ser\u00e1 dedicada a uma Concentra\u00e7\u00e3o Ib\u00e9rica \u201cEm defesa do Tejo\u201d, na praia fluvial da Ortiga, pretendendo-se apresentar um \u201cManifesto em defesa da bacia do Tejo\/Tajo\u201d aos candidatos dos partidos pol\u00edticos \u00e0s elei\u00e7\u00f5es legislativas de 2019 e promover a partilha de testemunhos sobre a atual situa\u00e7\u00e3o do rio Tejo e seus afluentes, bem como da vis\u00e3o e de ideias sobre a defesa do Tejo entre os cidad\u00e3os, as associa\u00e7\u00f5es e as comunidades presentes.<\/p>\n<p>A mobiliza\u00e7\u00e3o de grupos de cidad\u00e3os de ambos os lados da fronteira ser\u00e1 muito significativa, provando-se que a defesa dos rios ib\u00e9ricos ultrapassa as fronteiras administrativas e une os cidad\u00e3os com os mesmos problemas, independentemente da sua nacionalidade.<\/p>\n<p>Esta atividade \u00e9 organizada pelo proTEJO \u2013 Movimento Pelo Tejo e conta com o apoio do Munic\u00edpio de Ma\u00e7\u00e3o, da Rede de Cidadania por Uma Nova Cultura da \u00c1gua do Tejo\/Tajo e seus afluentes, da Quercus &#8211; Associa\u00e7\u00e3o Nacional de Conserva\u00e7\u00e3o da Natureza e da NATUR Z.<\/p>\n<div class=\"fb-background-color\">\n\t\t\t  <div \n\t\t\t  \tclass = \"fb-comments\" \n\t\t\t  \tdata-href = \"https:\/\/www.entroncamentoonline.pt\/portal\/em-defesa-do-tejo-descida-de-canoa-da-barragem-de-ortiga-belver-ate-as-mouriscas-e-concentracao-iberica-no-dia-7\/\"\n\t\t\t  \tdata-numposts = \"10\"\n\t\t\t  \tdata-lazy = \"true\"\n\t\t\t\tdata-colorscheme = \"light\"\n\t\t\t\tdata-order-by = \"social\"\n\t\t\t\tdata-mobile=true>\n\t\t\t  <\/div><\/div>\n\t\t  <style>\n\t\t    .fb-background-color {\n\t\t\t\tbackground:  !important;\n\t\t\t}\n\t\t\t.fb_iframe_widget_fluid_desktop iframe {\n\t\t\t    width: 100% !important;\n\t\t\t}\n\t\t  <\/style>\n\t\t  ","protected":false},"excerpt":{"rendered":"<p>Os 10 anos de atividade do proTEJO em defesa do Tejo ser\u00e3o celebrados no pr\u00f3ximo dia 7 de setembro com a descida de canoa &#8220;7\u00ba Vogar contra a indiferen\u00e7a&#8221; que conta j\u00e1 com 60 pessoas inscritas em 40 embarca\u00e7\u00f5es que ir\u00e3o colorir o rio Tejo de todas as cores, estando as inscri\u00e7\u00f5es ainda abertas at\u00e9 [&hellip;]<\/p>\n","protected":false},"author":1,"featured_media":10679,"comment_status":"open","ping_status":"closed","sticky":false,"template":"","format":"standard","meta":{"_acf_changed":false,"footnotes":""},"categories":[1],"tags":[],"class_list":{"0":"post-10677","1":"post","2":"type-post","3":"status-publish","4":"format-standard","5":"has-post-thumbnail","7":"category-sem-categoria"},"acf":[],"_links":{"self":[{"href":"https:\/\/www.entroncamentoonline.pt\/portal\/wp-json\/wp\/v2\/posts\/10677","targetHints":{"allow":["GET"]}}],"collection":[{"href":"https:\/\/www.entroncamentoonline.pt\/portal\/wp-json\/wp\/v2\/posts"}],"about":[{"href":"https:\/\/www.entroncamentoonline.pt\/portal\/wp-json\/wp\/v2\/types\/post"}],"author":[{"embeddable":true,"href":"https:\/\/www.entroncamentoonline.pt\/portal\/wp-json\/wp\/v2\/users\/1"}],"replies":[{"embeddable":true,"href":"https:\/\/www.entroncamentoonline.pt\/portal\/wp-json\/wp\/v2\/comments?post=10677"}],"version-history":[{"count":0,"href":"https:\/\/www.entroncamentoonline.pt\/portal\/wp-json\/wp\/v2\/posts\/10677\/revisions"}],"wp:featuredmedia":[{"embeddable":true,"href":"https:\/\/www.entroncamentoonline.pt\/portal\/wp-json\/wp\/v2\/media\/10679"}],"wp:attachment":[{"href":"https:\/\/www.entroncamentoonline.pt\/portal\/wp-json\/wp\/v2\/media?parent=10677"}],"wp:term":[{"taxonomy":"category","embeddable":true,"href":"https:\/\/www.entroncamentoonline.pt\/portal\/wp-json\/wp\/v2\/categories?post=10677"},{"taxonomy":"post_tag","embeddable":true,"href":"https:\/\/www.entroncamentoonline.pt\/portal\/wp-json\/wp\/v2\/tags?post=10677"}],"curies":[{"name":"wp","href":"https:\/\/api.w.org\/{rel}","templated":true}]}}